{"id":36564,"date":"2021-03-16T17:57:46","date_gmt":"2021-03-16T17:57:46","guid":{"rendered":"https:\/\/bahiasexirentacar.com\/?p=36564"},"modified":"2025-08-14T19:42:49","modified_gmt":"2025-08-14T19:42:49","slug":"halpa-autonvuokraus-benalmadena-malaga","status":"publish","type":"post","link":"https:\/\/bahiasexirentacar.com\/fi\/halpa-autonvuokraus-benalmadena-malaga\/","title":{"rendered":"Halpa autonvuokraus Benalmadena Bahia Sexi | Mit\u00e4 tehd\u00e4 Benalmadena"},"content":{"rendered":"<p><span style=\"font-weight: 400;\">Jos tarvitset Halpa autonvuokraus Benalmadena\u00a0<\/span><span style=\"font-weight: 400;\">, yhti\u00f6mme opastaa sinut parhaimpiin tarjouksiimme ja autoihimme. Ei tarvitse etsi\u00e4 enemp\u00e4\u00e4 tai ep\u00e4r\u00f6id\u00e4!<\/span><\/p>\n<div id=\"ez-toc-container\" class=\"ez-toc-v2_0_82_2 counter-hierarchy ez-toc-counter ez-toc-white ez-toc-container-direction\">\n<div class=\"ez-toc-title-container\">\n<p class=\"ez-toc-title\" style=\"cursor:inherit\">Contents:<\/p>\n<span class=\"ez-toc-title-toggle\"><a href=\"#\" class=\"ez-toc-pull-right ez-toc-btn ez-toc-btn-xs ez-toc-btn-default ez-toc-toggle\" aria-label=\"Toggle Table of Content\"><span class=\"ez-toc-js-icon-con\"><span class=\"\"><span class=\"eztoc-hide\" style=\"display:none;\">Toggle<\/span><span class=\"ez-toc-icon-toggle-span\"><svg style=\"fill: #000000;color:#000000\" xmlns=\"http:\/\/www.w3.org\/2000\/svg\" class=\"list-377408\" width=\"20px\" height=\"20px\" viewBox=\"0 0 24 24\" fill=\"none\"><path d=\"M6 6H4v2h2V6zm14 0H8v2h12V6zM4 11h2v2H4v-2zm16 0H8v2h12v-2zM4 16h2v2H4v-2zm16 0H8v2h12v-2z\" fill=\"currentColor\"><\/path><\/svg><svg style=\"fill: #000000;color:#000000\" class=\"arrow-unsorted-368013\" xmlns=\"http:\/\/www.w3.org\/2000\/svg\" width=\"10px\" height=\"10px\" viewBox=\"0 0 24 24\" version=\"1.2\" baseProfile=\"tiny\"><path d=\"M18.2 9.3l-6.2-6.3-6.2 6.3c-.2.2-.3.4-.3.7s.1.5.3.7c.2.2.4.3.7.3h11c.3 0 .5-.1.7-.3.2-.2.3-.5.3-.7s-.1-.5-.3-.7zM5.8 14.7l6.2 6.3 6.2-6.3c.2-.2.3-.5.3-.7s-.1-.5-.3-.7c-.2-.2-.4-.3-.7-.3h-11c-.3 0-.5.1-.7.3-.2.2-.3.5-.3.7s.1.5.3.7z\"\/><\/svg><\/span><\/span><\/span><\/a><\/span><\/div>\n<nav><ul class='ez-toc-list ez-toc-list-level-1 ' ><li class='ez-toc-page-1 ez-toc-heading-level-2'><a class=\"ez-toc-link ez-toc-heading-1\" href=\"https:\/\/bahiasexirentacar.com\/fi\/halpa-autonvuokraus-benalmadena-malaga\/#Miksi_sinun_pitaisi_varata_meilta\" >Miksi sinun pit\u00e4isi varata meilt\u00e4?<\/a><\/li><li class='ez-toc-page-1 ez-toc-heading-level-2'><a class=\"ez-toc-link ez-toc-heading-2\" href=\"https:\/\/bahiasexirentacar.com\/fi\/halpa-autonvuokraus-benalmadena-malaga\/#Nosta_halpa_vuokra-autosi_Benalmadenasta_ja_tutustu_kaupungin_historiaan\" >Nosta halpa vuokra-autosi Benalmadenasta ja tutustu kaupungin historiaan!<\/a><\/li><li class='ez-toc-page-1 ez-toc-heading-level-2'><a class=\"ez-toc-link ez-toc-heading-3\" href=\"https:\/\/bahiasexirentacar.com\/fi\/halpa-autonvuokraus-benalmadena-malaga\/#Mutta_millainen_saa_olisi_kun_vuokraat_halvan_auton_Benalmadenassa\" >Mutta millainen s\u00e4\u00e4 olisi, kun vuokraat halvan auton Benalm\u00e1denassa?<\/a><ul class='ez-toc-list-level-3' ><li class='ez-toc-heading-level-3'><a class=\"ez-toc-link ez-toc-heading-4\" href=\"https:\/\/bahiasexirentacar.com\/fi\/halpa-autonvuokraus-benalmadena-malaga\/#Lampotilat\" >L\u00e4mp\u00f6tilat:<\/a><\/li><li class='ez-toc-page-1 ez-toc-heading-level-3'><a class=\"ez-toc-link ez-toc-heading-5\" href=\"https:\/\/bahiasexirentacar.com\/fi\/halpa-autonvuokraus-benalmadena-malaga\/#Sademaara\" >Sadem\u00e4\u00e4r\u00e4:<\/a><\/li><\/ul><\/li><li class='ez-toc-page-1 ez-toc-heading-level-2'><a class=\"ez-toc-link ez-toc-heading-6\" href=\"https:\/\/bahiasexirentacar.com\/fi\/halpa-autonvuokraus-benalmadena-malaga\/#Tule_tuntemaan_Benalmadenan_5_parasta_ravintolaa\" >Tule tuntemaan Benalmadenan 5 parasta ravintolaa<\/a><ul class='ez-toc-list-level-3' ><li class='ez-toc-heading-level-3'><a class=\"ez-toc-link ez-toc-heading-7\" href=\"https:\/\/bahiasexirentacar.com\/fi\/halpa-autonvuokraus-benalmadena-malaga\/#Lime_Lemon\" >Lime &amp; Lemon<\/a><\/li><li class='ez-toc-page-1 ez-toc-heading-level-3'><a class=\"ez-toc-link ez-toc-heading-8\" href=\"https:\/\/bahiasexirentacar.com\/fi\/halpa-autonvuokraus-benalmadena-malaga\/#Fama_Tapas_Bar\" >Fama Tapas Bar<\/a><\/li><li class='ez-toc-page-1 ez-toc-heading-level-3'><a class=\"ez-toc-link ez-toc-heading-9\" href=\"https:\/\/bahiasexirentacar.com\/fi\/halpa-autonvuokraus-benalmadena-malaga\/#Karma\" >Karma<\/a><\/li><li class='ez-toc-page-1 ez-toc-heading-level-3'><a class=\"ez-toc-link ez-toc-heading-10\" href=\"https:\/\/bahiasexirentacar.com\/fi\/halpa-autonvuokraus-benalmadena-malaga\/#Vinoteca_Moncloa\" >Vinoteca Moncloa<\/a><\/li><li class='ez-toc-page-1 ez-toc-heading-level-3'><a class=\"ez-toc-link ez-toc-heading-11\" href=\"https:\/\/bahiasexirentacar.com\/fi\/halpa-autonvuokraus-benalmadena-malaga\/#Toro_Puerto_Marina\" >Toro Puerto Marina<\/a><\/li><\/ul><\/li><li class='ez-toc-page-1 ez-toc-heading-level-2'><a class=\"ez-toc-link ez-toc-heading-12\" href=\"https:\/\/bahiasexirentacar.com\/fi\/halpa-autonvuokraus-benalmadena-malaga\/#Tutustu_Benalmadenan_gastronomiaan\" >Tutustu Benalmadenan gastronomiaan<\/a><\/li><li class='ez-toc-page-1 ez-toc-heading-level-2'><a class=\"ez-toc-link ez-toc-heading-13\" href=\"https:\/\/bahiasexirentacar.com\/fi\/halpa-autonvuokraus-benalmadena-malaga\/#Muistomerkit_jotka_ovat_vierailun_arvoisia_Benalmadenan_halvan_autonvuokrauksen_yhteydessa\" >Muistomerkit, jotka ovat vierailun arvoisia Benalmadenan halvan autonvuokrauksen yhteydess\u00e4<\/a><ul class='ez-toc-list-level-3' ><li class='ez-toc-heading-level-3'><a class=\"ez-toc-link ez-toc-heading-14\" href=\"https:\/\/bahiasexirentacar.com\/fi\/halpa-autonvuokraus-benalmadena-malaga\/#Colomaresin_linna\" >Colomaresin linna<\/a><\/li><li class='ez-toc-page-1 ez-toc-heading-level-3'><a class=\"ez-toc-link ez-toc-heading-15\" href=\"https:\/\/bahiasexirentacar.com\/fi\/halpa-autonvuokraus-benalmadena-malaga\/#Santo_Domingon_kirkko\" >Santo Domingon kirkko<\/a><\/li><li class='ez-toc-page-1 ez-toc-heading-level-3'><a class=\"ez-toc-link ez-toc-heading-16\" href=\"https:\/\/bahiasexirentacar.com\/fi\/halpa-autonvuokraus-benalmadena-malaga\/#Valojen_stupa\" >Valojen stupa<\/a><\/li><li class='ez-toc-page-1 ez-toc-heading-level-3'><a class=\"ez-toc-link ez-toc-heading-17\" href=\"https:\/\/bahiasexirentacar.com\/fi\/halpa-autonvuokraus-benalmadena-malaga\/#Benalmadena_Pueblon_historiallinen_keskusta\" >Benalm\u00e1dena Pueblon historiallinen keskusta<\/a><\/li><li class='ez-toc-page-1 ez-toc-heading-level-3'><a class=\"ez-toc-link ez-toc-heading-18\" href=\"https:\/\/bahiasexirentacar.com\/fi\/halpa-autonvuokraus-benalmadena-malaga\/#Benalmadenan_tytar\" >Benalm\u00e1denan tyt\u00e4r<\/a><\/li><li class='ez-toc-page-1 ez-toc-heading-level-3'><a class=\"ez-toc-link ez-toc-heading-19\" href=\"https:\/\/bahiasexirentacar.com\/fi\/halpa-autonvuokraus-benalmadena-malaga\/#Bil_Bilin_linna\" >Bil Bilin linna<\/a><\/li><\/ul><\/li><li class='ez-toc-page-1 ez-toc-heading-level-2'><a class=\"ez-toc-link ez-toc-heading-20\" href=\"https:\/\/bahiasexirentacar.com\/fi\/halpa-autonvuokraus-benalmadena-malaga\/#Ota_halpa_vuokra-auto_Benalmadenassa_ja_mene_syomaan_parasta_ruokaa\" >Ota halpa vuokra-auto Benalmadenassa ja mene sy\u00f6m\u00e4\u00e4n parasta ruokaa!<\/a><\/li><li class='ez-toc-page-1 ez-toc-heading-level-2'><a class=\"ez-toc-link ez-toc-heading-21\" href=\"https:\/\/bahiasexirentacar.com\/fi\/halpa-autonvuokraus-benalmadena-malaga\/#Haluatko_vierailla_Benalmadenassa_jouluna\" >Haluatko vierailla Benalm\u00e1denassa jouluna?<\/a><\/li><li class='ez-toc-page-1 ez-toc-heading-level-2'><a class=\"ez-toc-link ez-toc-heading-22\" href=\"https:\/\/bahiasexirentacar.com\/fi\/halpa-autonvuokraus-benalmadena-malaga\/#Hyodynnat_halpaa_autonvuokraustasi_kaupungissa_Benalmadena\" >Hy\u00f6dynn\u00e4t halpaa autonvuokraustasi kaupungissa Benalmadena?<\/a><\/li><\/ul><\/nav><\/div>\n<h2><span class=\"ez-toc-section\" id=\"Miksi_sinun_pitaisi_varata_meilta\"><\/span><b>Miksi sinun pit\u00e4isi varata meilt\u00e4?<\/b><span class=\"ez-toc-section-end\"><\/span><\/h2>\n<p><span style=\"font-weight: 400;\">Jos mietit, miksi varata Bahia Sexi Rent Car:<\/span><\/p>\n<p><span style=\"font-weight: 400;\">klikkaa t\u00e4t\u00e4<\/span><span style=\"font-weight: 400;\"> linkki\u00e4<\/span><span style=\"font-weight: 400;\"> ja l\u00f6yd\u00e4t vastaukset.<\/span><\/p>\n<h2><span class=\"ez-toc-section\" id=\"Nosta_halpa_vuokra-autosi_Benalmadenasta_ja_tutustu_kaupungin_historiaan\"><\/span><b>Nosta halpa vuokra-autosi Benalmadenasta ja tutustu kaupungin historiaan!<\/b><span class=\"ez-toc-section-end\"><\/span><\/h2>\n<p><span style=\"font-weight: 400;\">Ensimm\u00e4iset siirtokunnat, joista meill\u00e4 on viitteit\u00e4 Benalm\u00e1denassa, ovat per\u00e4isin my\u00f6h\u00e4isest\u00e4 ylemm\u00e4st\u00e4 paleoliitista, mik\u00e4 voidaan p\u00e4\u00e4tell\u00e4 kunnan tietyist\u00e4 luolista (Cuevas del Toro, Los Botijos tai La Zorrera) l\u00f6ydetyist\u00e4 j\u00e4\u00e4nn\u00f6ksist\u00e4.<\/span><\/p>\n<p><span style=\"font-weight: 400;\">Foinikialaiset saapuivat n\u00e4ille rannikoille 7. ja 8. vuosisadalla eKr., Mik\u00e4 johti viljelytekniikoihin, karjanhoitoon ja kauppaan keskittyv\u00e4n kulttuurin vaihtoon.<\/span><\/p>\n<p><span style=\"font-weight: 400;\">Todiste siit\u00e4 on, ett\u00e4 kaupungissa on joitain foinikialaisten siirtomaiden j\u00e4\u00e4nn\u00f6ksi\u00e4.<\/span><\/p>\n<p><span style=\"font-weight: 400;\">My\u00f6hemmin tulivat roomalaiset, joista monet j\u00e4ljet \u200b\u200bovat Benalm\u00e1denan rannikkoalueilla.<\/span><\/p>\n<p><span style=\"font-weight: 400;\">Erityisen t\u00e4rkeit\u00e4 ovat suolatehtaan rauniot Benal-Roma-alueella ja muiden huviloiden ja kalastuslaitosten j\u00e4\u00e4nn\u00f6kset Torremuellen ja Capellan\u00edan alueilla.<\/span><\/p>\n<p><span style=\"font-weight: 400;\">Jonkin ajan kuluttua, jolloin eri kulttuurit siirtyiv\u00e4t Benalm\u00e1denaan, saapui arabit, joille kunnan nimi tapahtui.<\/span><\/p>\n<p><span style=\"font-weight: 400;\">Se johtuu samasta arabialaisesta \u00e4\u00e4nest\u00e4 &#8220;Ben al Madina&#8221;, joka tarkoittaa &#8220;Kaivosten lapsia&#8221;.<\/span><\/p>\n<p><span style=\"font-weight: 400;\">T\u00e4m\u00e4 voi johtua joukosta miinoja alueella, josta se on louhittu, foinikialaisten, rautamalmin ja ennen kaikkea muiden, kaivoksesta l\u00e4htien.<\/span><\/p>\n<p><span style=\"font-weight: 400;\">Kristittyjen valloittamisen j\u00e4lkeen kaupungin historiassa on kuitenkin pime\u00e4 ajanjakso, koska asukkaiden pelko meren hy\u00f6kk\u00e4yksist\u00e4 on k\u00e4yt\u00e4nn\u00f6ss\u00e4 tyhjent\u00e4nyt t\u00e4m\u00e4n alueen.<\/span><\/p>\n<p><span style=\"font-weight: 400;\">Useaan otteeseen tutkitaan kunnan uudelleensijoittamista, mutta kaikilla on vain v\u00e4h\u00e4n tai ei lainkaan menestyst\u00e4.<\/span><\/p>\n<p><span style=\"font-weight: 400;\">Vasta 1700-luvulla alue alkoi palauttaa tietyn normaalin asukaslukum\u00e4\u00e4r\u00e4n, mik\u00e4 johtuu osittain useiden paperitehtaiden (nelj\u00e4 valkoista ja kaksi ruskea paperitehdasta) perustamisesta. ) ja sosiaalinen vakauttaminen.<\/span><\/p>\n<p><span style=\"font-weight: 400;\">T\u00e4m\u00e4n teollisuuden puomi kesti noin kaksikymment\u00e4 vuotta ja jatkui 1800-luvun alussa maatalousty\u00f6n, erityisesti viinik\u00f6ynn\u00f6ksen, ratkaisemisesta, josta tuli monokulttuuria koko alueella.<\/span><\/p>\n<p><span style=\"font-weight: 400;\">1900-luvun alussa &#8220;filoksera&#8221; -rutto aiheutti kaikkien satojen h\u00e4vi\u00e4misen ja merkitt\u00e4v\u00e4n taloudellisen taantuman.<\/span><\/p>\n<p><span style=\"font-weight: 400;\">N\u00e4in\u00e4 vuosina tuhotaan j\u00e4rjestelm\u00e4llisesti entisi\u00e4 linnoituksia ja Benalm\u00e1denan linna (joka oli nykyisen Benalm\u00e1dena Pueblo -muurin paikka), niin ett\u00e4 tuskin mit\u00e4\u00e4n fyysisi\u00e4 j\u00e4\u00e4nn\u00f6ksi\u00e4 on s\u00e4ilynyt t\u00e4h\u00e4n p\u00e4iv\u00e4\u00e4n asti.<\/span><\/p>\n<p><span style=\"font-weight: 400;\">Kaupungin symboli on pronssitytt\u00f6, joka tunnetaan nimell\u00e4 &#8220;Benalm\u00e1denan pieni tytt\u00f6&#8221;, joka on seisonut hiljaa Plaza de Espa\u00f1alla viime vuosisadan 60-luvun lopusta l\u00e4htien.<\/span><\/p>\n<p><span style=\"font-weight: 400;\">T\u00e4m\u00e4 Jaime Pimentelin ty\u00f6 ennusti paikallisen talouden elpymisen ja sen yhteyden matkailuun ja kansainv\u00e4lisemp\u00e4\u00e4n kulttuuriin, koska se alun perin veistettiin palkittavaksi kansainv\u00e4lisell\u00e4 elokuvafestivaalilla.<\/span><\/p>\n<p><span style=\"font-weight: 400;\">Ennustus, jota my\u00f6hemmin vahvistetaan yst\u00e4vyyskuntatoiminnalla kuuluisalla Manekken Pis -veistoksella Brysseliss\u00e4.<\/span><\/p>\n<p><span style=\"font-weight: 400;\">Useiden kansallisuuksien l\u00e4sn\u00e4olo kunnassa synnytt\u00e4\u00e4 toisinaan yksitt\u00e4isi\u00e4 vastakohtia, kuten Jeesuksen k\u00e4rsimyksen edustaminen kaduilla tai mahdollisuus osallistua toisen maailmansodan lopun muistojuhliin, koska Benalm\u00e1denassa se on brittil\u00e4isen legioonan.<\/span><\/p>\n<p><span style=\"font-weight: 400;\">Benalm\u00e1denan kyl\u00e4 nousee 280 metri\u00e4 merenpinnan yl\u00e4puolelle, mik\u00e4 on poikkeuksellinen n\u00e4k\u00f6kulma rannikolla, joka, kuten olemme jo sanoneet, oli katolisten hallitsijoiden aikana &#8220;Vigia de la Costa&#8221;, jossa laiturin ja Quebradan tornit.<\/span><\/p>\n<p><span style=\"font-weight: 400;\">Kirkon aukiolta n\u00e4et kuinka kaupunki ja Benalm\u00e1dena Costan kaupunkikeskuksen t\u00e4rke\u00e4 kehitys tai Arroyo de la Mielin vanha maatila, nimi, joka vastaanottaa vanhan 1700-luvulla olemassa olevan sokerimyllyn.<\/span><\/p>\n<p><span style=\"font-weight: 400;\">T\u00e4m\u00e4 tilanne tarkoittaa, ett\u00e4 kaupungissa on perinteisin arkkitehtuuri, kapeilla kaduilla ja valkoisilla taloilla.<\/span><\/p>\n<p><span style=\"font-weight: 400;\">Alueen suuri matkailukehitys on antanut Benalm\u00e1denalle eritt\u00e4in t\u00e4rke\u00e4t infrastruktuurit ja palvelut.<\/span><\/p>\n<p><span style=\"font-weight: 400;\">Siksi sill\u00e4 on yksi rannikon suurimmista turistisatamista (Puerto Marina), yksi ensimm\u00e4isist\u00e4 Espanjassa rakennetuista huvipuistoista (Tivoli Word) tai yksi alueen tunnetuimmista kasinoista (Casino Torrequebrada, avattu vuonna 1980).<\/span><\/p>\n<p><span style=\"font-weight: 400;\">Mutta siin\u00e4 on my\u00f6s piilotettuja aarteita, kuten sen arkeologinen museo, jossa vuodesta 1970 l\u00e4htien on ollut esill\u00e4 upea kokoelma Kolumbiaa edelt\u00e4vi\u00e4 kappaleita, kokoelma, joka alkaa perinn\u00f6st\u00e4, jonka D. Felipe Orlando sai isois\u00e4lt\u00e4\u00e4n.<\/span><\/p>\n<p><span style=\"font-weight: 400;\">Ja se on, ett\u00e4 t\u00e4m\u00e4 espanjalaista alkuper\u00e4\u00e4 oleva meksikolainen peri hyv\u00e4n m\u00e4\u00e4r\u00e4n kappaleita esikolumbialaisten arkeologisista kohteista, ja kun h\u00e4n tuli Espanjaan ja j\u00e4i asumaan kaupunkiin, h\u00e4n kielt\u00e4ytyi myym\u00e4st\u00e4 niit\u00e4 ja valmistanut ne. lahjoita ainoalla toiveella, jonka he haluaisivat. olla esill\u00e4 paikassa.<\/span><\/p>\n<p><span style=\"font-weight: 400;\">Arkeologisen kiinnostuksen her\u00e4tess\u00e4 neoliittisten siirtokuntien j\u00e4\u00e4nn\u00f6ksi\u00e4 on l\u00f6ydetty Sierra de Mijasin luolista tai rannikon edustalta l\u00f6ytyneit\u00e4 kappaleita, joilla on my\u00f6s paikkansa museossa, kuten Diana Cazadoran patsas.<\/span><\/p>\n<p><span style=\"font-weight: 400;\">Toinen t\u00e4m\u00e4n kaupungin uteliaisuus on Colomaresin linna, joka alkoi rakentaa vuonna 1987 D.Esteban Mart\u00ednin aloitteesta kunniaksi Columbukselle.<\/span><\/p>\n<p><span style=\"font-weight: 400;\">T\u00e4ll\u00e4 linnalla on upea merin\u00e4k\u00f6ala, ja siin\u00e4 on arkkitehtuuri, joka yhdist\u00e4\u00e4 Mudejarin, goottilaisen ja renessanssin elementit.<\/span><\/p>\n<p><span style=\"font-weight: 400;\">Ja siell\u00e4 on my\u00f6s Bil-Bilin linna, joka oli alun perin yksityishenkil\u00f6n koti, joka halusi antaa sille ulkon\u00e4\u00f6n meren rannalla.<\/span><\/p>\n<p><span style=\"font-weight: 400;\">Lyhyesti sanottuna Benalm\u00e1denassa on kaksi erilaista mahdollisuutta: mahdollisuus nauttia tyypillisest\u00e4 valkoisesta Andalusian kaupungista kapeilla ja jyrkill\u00e4 kaduilla; tai l\u00f6yt\u00e4\u00e4 uusimmat kasvot, rannalla ja vapaa-ajalla.<\/span><\/p>\n<h2><span class=\"ez-toc-section\" id=\"Mutta_millainen_saa_olisi_kun_vuokraat_halvan_auton_Benalmadenassa\"><\/span><b>Mutta millainen s\u00e4\u00e4 olisi, kun vuokraat halvan auton Benalm\u00e1denassa?<\/b><span class=\"ez-toc-section-end\"><\/span><\/h2>\n<p><span style=\"font-weight: 400;\">Ok, nyt kun tied\u00e4t kaupungin, mietit\u00e4\u00e4n s\u00e4\u00e4t\u00e4 ja minne voit menn\u00e4 halpa autonvuokrauksesi Benalmadena.<\/span><\/p>\n<h3><span class=\"ez-toc-section\" id=\"Lampotilat\"><\/span><b>L\u00e4mp\u00f6tilat:<\/b><span class=\"ez-toc-section-end\"><\/span><\/h3>\n<p><span style=\"font-weight: 400;\">Benalm\u00e1denan ilmasto on tyypillisesti V\u00e4limeren alue, jossa leuto l\u00e4mp\u00f6tila on l\u00e4pi vuoden ja k\u00e4yt\u00e4nn\u00f6llisesti katsoen pakkaseton kylmin\u00e4 kuukausina.<\/span><\/p>\n<p><span style=\"font-weight: 400;\">Lis\u00e4ksi suoja, jonka Benalm\u00e1denan vuorijono edellytt\u00e4\u00e4 pohjoisesta tuleville tuulille, m\u00e4\u00e4rittelee ymp\u00e4rist\u00f6n, jossa l\u00e4mp\u00f6tilat ovat yleens\u00e4 1\u20132 astetta naapurikunnissa.<\/span><\/p>\n<p><span style=\"font-weight: 400;\">Alla graafinen esitys l\u00e4mp\u00f6tilojen kehityksest\u00e4 ymp\u00e4ri vuoden.<\/span><\/p>\n<h3><span class=\"ez-toc-section\" id=\"Sademaara\"><\/span><b>Sadem\u00e4\u00e4r\u00e4:<\/b><span class=\"ez-toc-section-end\"><\/span><\/h3>\n<p><span style=\"font-weight: 400;\">Termi kunta on jaettu Malagan ilmankosteuksiin, joiden enn\u00e4tys on 600\u2013700 mm ja joka kattaisi kunnan vuoristoalueen.<\/span><\/p>\n<p><span style=\"font-weight: 400;\">Ja M\u00e1laga Seca, joka v\u00e4r\u00e4htelee Benalm\u00e1denassa 500\u2013600 mm, ala, johon sen kolme ydint\u00e4 kuuluvat: Benalm\u00e1dena Pueblo, Arroyo de la Miel ja Benalm\u00e1dena Costa.<\/span><\/p>\n<h2><span class=\"ez-toc-section\" id=\"Tule_tuntemaan_Benalmadenan_5_parasta_ravintolaa\"><\/span><b>Tule tuntemaan Benalmadenan 5 parasta ravintolaa<\/b><span class=\"ez-toc-section-end\"><\/span><\/h2>\n<h3><span class=\"ez-toc-section\" id=\"Lime_Lemon\"><\/span><b>Lime &amp; Lemon<\/b><span class=\"ez-toc-section-end\"><\/span><\/h3>\n<p><span style=\"font-weight: 400;\">T\u00e4m\u00e4 on hyv\u00e4 ravintola k\u00e4velykadulla, jolla on miellytt\u00e4v\u00e4 terassi. Nautit siis maukkaasta ateriasta ja upeasta n\u00e4k\u00f6alasta merelle. Se tarjoaa luovan valikoiman herkullisia tapaksia ja ruokia.<\/span><\/p>\n<h3><span class=\"ez-toc-section\" id=\"Fama_Tapas_Bar\"><\/span><b>Fama Tapas Bar<\/b><span class=\"ez-toc-section-end\"><\/span><\/h3>\n<p><span style=\"font-weight: 400;\">Jos haluat maistaa herkullisia ja alkuper\u00e4isi\u00e4 tapaksia, Fama Bar on sinun paikkasi. Aivan meren rannalla voit nauttia erinomaisen aterian nauttien merin\u00e4k\u00f6alasta vilkkaalla Benalmadenan k\u00e4velykadulla.<\/span><\/p>\n<h3><span class=\"ez-toc-section\" id=\"Karma\"><\/span><b>Karma<\/b><span class=\"ez-toc-section-end\"><\/span><\/h3>\n<p><span style=\"font-weight: 400;\">T\u00e4m\u00e4 ravintola on tunnettu ruoansa ja palvelunsa laadusta. Se on loistava paikka pit\u00e4\u00e4 hauskaa yst\u00e4v\u00e4ryhm\u00e4n kanssa. Talon erikoisuus on kala ja paella. Mutta liha on my\u00f6s herkullista.<\/span><\/p>\n<h3><span class=\"ez-toc-section\" id=\"Vinoteca_Moncloa\"><\/span><b>Vinoteca Moncloa<\/b><span class=\"ez-toc-section-end\"><\/span><\/h3>\n<p><span style=\"font-weight: 400;\">Se sijaitsee kaupungin keskustassa. Se on loistava paikka kokeilla espanjalaisia \u200b\u200bviinej\u00e4 ja herkullisia tapaksia. Lis\u00e4ksi se on yksi harvoista baareista Benalmadenassa, jossa tarjoillaan ilmaisia \u200b\u200btapaksia viinisi kanssa. Henkil\u00f6kunta on eritt\u00e4in tarkkaavainen ja kohtelias.<\/span><\/p>\n<h3><span class=\"ez-toc-section\" id=\"Toro_Puerto_Marina\"><\/span><b>Toro Puerto Marina<\/b><span class=\"ez-toc-section-end\"><\/span><\/h3>\n<p><span style=\"font-weight: 400;\">Kuuluisasta Benalm\u00e1denan venesatamasta voit tilata herkullisen aterian venesataman ylellisess\u00e4 ilmapiiriss\u00e4. Talon erikoisuus on tyypillisi\u00e4 espanjalaisia \u200b\u200bruokia, kuten me corquetas, gambas al pilpil jne.<\/span><\/p>\n<h2><span class=\"ez-toc-section\" id=\"Tutustu_Benalmadenan_gastronomiaan\"><\/span><b>Tutustu Benalmadenan gastronomiaan<\/b><span class=\"ez-toc-section-end\"><\/span><\/h2>\n<p><span style=\"font-weight: 400;\">Koska Benalm\u00e1denan gastronomiassa voimme l\u00f6yt\u00e4\u00e4 Andalusian tyypillisen ruoan. Mutta se keskittyy my\u00f6s merenel\u00e4viin, kuten sen &#8220;pesca\u00edto frito&#8221; (paistettu kala), \u00e4yri\u00e4iset, riisiruoat &#8230;<\/span><\/p>\n<p><span style=\"font-weight: 400;\">N\u00e4m\u00e4 ovat ruokia, joita useampi kuin yksi haluaa kokeilla.<\/span><\/p>\n<p><span style=\"font-weight: 400;\">Ensinn\u00e4kin l\u00f6yd\u00e4mme kaksi tyypillist\u00e4 ruokaa vain Benalm\u00e1denan alueelta:<\/span><\/p>\n<ul>\n<li style=\"font-weight: 400;\" aria-level=\"1\"><span style=\"font-weight: 400;\">cocotte de cachorre\u00f1a<\/span><\/li>\n<li style=\"font-weight: 400;\" aria-level=\"1\"><span style=\"font-weight: 400;\">-maidonmuruja.<\/span><\/li>\n<\/ul>\n<p><span style=\"font-weight: 400;\">L\u00f6yd\u00e4t ne joistakin Benalm\u00e1denan ravintoloista.<\/span><\/p>\n<p><span style=\"font-weight: 400;\">Kuitenkin gastronomia, joka houkuttelee ja tunnetaan ymp\u00e4ri maailmaa, on Malagan andalusialaista ruokaa, ja koska Benalm\u00e1dena on rannikkoalue, keitti\u00f6 keskittyy merenel\u00e4viin.<\/span><\/p>\n<ul>\n<li style=\"font-weight: 400;\" aria-level=\"1\"><span style=\"font-weight: 400;\">T\u00e4ss\u00e4 mieless\u00e4 mit\u00e4 triompheplus ovat:<\/span><\/li>\n<li style=\"font-weight: 400;\" aria-level=\"1\"><span style=\"font-weight: 400;\">sardiini vartaat<\/span><\/li>\n<li style=\"font-weight: 400;\" aria-level=\"1\"><span style=\"font-weight: 400;\">&#8220;pescaito frito&#8221; (paistettua kalaa)<\/span><\/li>\n<li style=\"font-weight: 400;\" aria-level=\"1\"><span style=\"font-weight: 400;\">cuttlefish ouseiches<\/span><\/li>\n<li style=\"font-weight: 400;\" aria-level=\"1\"><span style=\"font-weight: 400;\">katkarapu<\/span><\/li>\n<li style=\"font-weight: 400;\" aria-level=\"1\"><span style=\"font-weight: 400;\">Coquinas<\/span><\/li>\n<li style=\"font-weight: 400;\" aria-level=\"1\"><span style=\"font-weight: 400;\">simpukka<\/span><\/li>\n<li style=\"font-weight: 400;\" aria-level=\"1\"><span style=\"font-weight: 400;\">shrimproses<\/span><\/li>\n<li style=\"font-weight: 400;\" aria-level=\"1\"><\/li>\n<li style=\"font-weight: 400;\" aria-level=\"1\"><span style=\"font-weight: 400;\">poliisien<\/span><\/li>\n<\/ul>\n<p><span style=\"font-weight: 400;\">ja \u00e4\u00e4ret\u00f6n m\u00e4\u00e4r\u00e4 tuotteita, jotka ferontvotre waterDoing suuhun.<\/span><\/p>\n<p><span style=\"font-weight: 400;\">Emme voi my\u00f6sk\u00e4\u00e4n unohtaa riisi\u00e4. Riisi yst\u00e4v\u00e4t voivat maistella aitoja paellaa erikoisuuksia:<\/span><\/p>\n<ul>\n<li style=\"font-weight: 400;\" aria-level=\"1\"><span style=\"font-weight: 400;\">merenel\u00e4vi\u00e4<\/span><\/li>\n<li style=\"font-weight: 400;\" aria-level=\"1\"><span style=\"font-weight: 400;\">paellaa auxmixta<\/span><\/li>\n<li style=\"font-weight: 400;\" aria-level=\"1\"><span style=\"font-weight: 400;\">musta riisi<\/span><\/li>\n<li style=\"font-weight: 400;\" aria-level=\"1\"><span style=\"font-weight: 400;\">hummeri<\/span><\/li>\n<\/ul>\n<p><span style=\"font-weight: 400;\">ja monia muita vaihtoehtoja, juuri tulossa Benalm\u00e1dena.<\/span><\/p>\n<p><span style=\"font-weight: 400;\">Ennen kaikkea sinun on nautittava hyv\u00e4 alkupala: salaatit, porra antequerana, gazpacho, valkoinen valkosipuli, Iberian kinkku tai Malague\u00f1a-salaatti.<\/span><\/p>\n<p><span style=\"font-weight: 400;\">Lopuksi voimme sanoa, ett\u00e4 Benalm\u00e1dena tarjoaa ravintoloissaan hieno kulinaarinen lajike, joka on maistettava. Olemme varmoja, ett\u00e4 useammalla kuin yhdell\u00e4 on jo halu, jonka h\u00e4n haluaa tukahduttaa.<\/span><\/p>\n<h2><span class=\"ez-toc-section\" id=\"Muistomerkit_jotka_ovat_vierailun_arvoisia_Benalmadenan_halvan_autonvuokrauksen_yhteydessa\"><\/span><b>Muistomerkit, jotka ovat vierailun arvoisia Benalmadenan halvan autonvuokrauksen yhteydess\u00e4<\/b><span class=\"ez-toc-section-end\"><\/span><\/h2>\n<p><span style=\"font-weight: 400;\">Aja ajoimme ymp\u00e4ri kaupunkia Benalm\u00e1denan halvan autonvuokrauksen avulla ja l\u00f6yd\u00e4mme kauniita k\u00e4yntikohteita.<\/span><\/p>\n<h3><span class=\"ez-toc-section\" id=\"Colomaresin_linna\"><\/span><b>Colomaresin linna<\/b><span class=\"ez-toc-section-end\"><\/span><\/h3>\n<p><span style=\"font-weight: 400;\">Vaikka se on linnan muotoinen, se on todella muistomerkki, joka on omistettu Christopher Columbukselle ja saapumiselle uuteen maailmaan kunnianosoituksena Amerikan l\u00f6yt\u00e4miselle.<\/span><\/p>\n<p><span style=\"font-weight: 400;\">Benalm\u00e1dena Pueblossa sijaitseva rakennus on rakennettu vuosina 1987-1994.<\/span><\/p>\n<p><span style=\"font-weight: 400;\">Tiilell\u00e4, betonilla, luonnonkivell\u00e4 tai puulla on kehitetty erilaisia \u200b\u200barkkitehtonisia tyylej\u00e4. Sis\u00e4ll\u00e4 siin\u00e4 on upeita lasimaalauksia.<\/span><\/p>\n<h3><span class=\"ez-toc-section\" id=\"Santo_Domingon_kirkko\"><\/span><b>Santo Domingon kirkko<\/b><span class=\"ez-toc-section-end\"><\/span><\/h3>\n<p><span style=\"font-weight: 400;\">Se on Benalm\u00e1denan kunnan vanhin kirkko, ja se sijaitsee Benalm\u00e1dena Pueblossa. Se on kaupungin historiallisen syntym\u00e4n alue ja etuoikeutetussa n\u00e4k\u00f6alapaikassa, josta on n\u00e4kym\u00e4t suurelle osalle rannikkoa.<\/span><\/p>\n<p><span style=\"font-weight: 400;\">Kirkolle p\u00e4\u00e4syyn on kaksi vaihtoehtoa: ylitt\u00e4\u00e4 Benalm\u00e1dena Pueblo -k\u00e4velyalueet tai ottaa ilmainen hissi, joka l\u00e4htee El Chorrillon alueella sijaitsevalta pys\u00e4k\u00f6intialueelta.<\/span><\/p>\n<h3><span class=\"ez-toc-section\" id=\"Valojen_stupa\"><\/span><b>Valojen stupa<\/b><span class=\"ez-toc-section-end\"><\/span><\/h3>\n<p><span style=\"font-weight: 400;\">Benalm\u00e1dena Pueblon huipulla se on l\u00e4nsimaiden suurin buddhalainen stupa.<\/span><\/p>\n<p><span style=\"font-weight: 400;\">Sit\u00e4 kruunaa kultainen kartio, joka n\u00e4kyy koko rannikkokaistalta, joka yhdist\u00e4\u00e4 Benalm\u00e1denan ja Fuengirolan.<\/span><\/p>\n<p><span style=\"font-weight: 400;\">Se on buddhalainen muistomerkki maailmanrauhalle, vauraudelle ja harmonialle.<\/span><\/p>\n<h3><span class=\"ez-toc-section\" id=\"Benalmadena_Pueblon_historiallinen_keskusta\"><\/span><b>Benalm\u00e1dena Pueblon historiallinen keskusta<\/b><span class=\"ez-toc-section-end\"><\/span><\/h3>\n<p><span style=\"font-weight: 400;\">Se sijaitsee vuoristossa, noin 300 metri\u00e4 merenpinnan yl\u00e4puolella, ja se on Benalm\u00e1denan alkuper\u00e4inen kaupunkikeskus, joka s\u00e4ilytt\u00e4\u00e4 vanhan tyypillisen andalusialaisen kyl\u00e4rakenteensa.<\/span><\/p>\n<p><span style=\"font-weight: 400;\">T\u00e4ss\u00e4 paikassa oli alun perin linna ja linnoitus, jotka asuivat kaupungin taloissa ja joista joitain j\u00e4\u00e4nteit\u00e4 on j\u00e4ljell\u00e4 El Muron alueella.<\/span><\/p>\n<h3><span class=\"ez-toc-section\" id=\"Benalmadenan_tytar\"><\/span><b>Benalm\u00e1denan tyt\u00e4r<\/b><span class=\"ez-toc-section-end\"><\/span><\/h3>\n<p><span style=\"font-weight: 400;\">Se on kuvanveist\u00e4j\u00e4 Jaime Pimentelin suunnittelema pronssiveistos, josta on tullut kunnan symboli. Se on osa Plaza de Espa\u00f1an p\u00e4\u00e4l\u00e4hdett\u00e4 Benalm\u00e1dena Pueblossa.<\/span><\/p>\n<h3><span class=\"ez-toc-section\" id=\"Bil_Bilin_linna\"><\/span><b>Bil Bilin linna<\/b><span class=\"ez-toc-section-end\"><\/span><\/h3>\n<p><span style=\"font-weight: 400;\">on arabityylinen rakennus, joka on koristeltu Nasrid-perinteen atsulejoilla ja barreljeefeill\u00e4, ja sit\u00e4 ymp\u00e4r\u00f6iv\u00e4t puutarhat, joissa on useita muslimien inspiraation l\u00e4hteit\u00e4.<\/span><\/p>\n<p><span style=\"font-weight: 400;\">Se rakennettiin 1900-luvun alussa Benalm\u00e1dena Costaan \u200b\u200bvarakkaan perheen maalaistalona, \u200b\u200bja vuonna 1980 kaupungintalo osti sen kulttuurilaitoksena, joka j\u00e4rjest\u00e4\u00e4 n\u00e4yttelyit\u00e4, konsertteja ja konferensseja.<\/span><\/p>\n<p><span style=\"font-weight: 400;\">Utelias tosiasia on, ett\u00e4 se on julkinen rakennus, jossa pidet\u00e4\u00e4n enemm\u00e4n siviiliavioliittoja koko Malagan maakunnassa.<\/span><\/p>\n<h2><span class=\"ez-toc-section\" id=\"Ota_halpa_vuokra-auto_Benalmadenassa_ja_mene_syomaan_parasta_ruokaa\"><\/span><b>Ota halpa vuokra-auto Benalmadenassa ja mene sy\u00f6m\u00e4\u00e4n parasta ruokaa!<\/b><span class=\"ez-toc-section-end\"><\/span><\/h2>\n<p><span style=\"font-weight: 400;\">Benalm\u00e1denan gastronomia on tyypillisesti andalusialainen, mutta keskittyy merenel\u00e4viin, sen &#8220;paistettuun kalaan&#8221;, sen \u00e4yri\u00e4isiin, riisiruokiin &#8230; Herkullisiin ruokiin, joista tulee houkuttelevampi tekosyy Benalm\u00e1denan vierailulle.<\/span><\/p>\n<p><span style=\"font-weight: 400;\">Ensinn\u00e4kin aloitamme kahdella tyypillisell\u00e4 ruokalajilla, jotka ovat per\u00e4isin vain Benalm\u00e1denan alueelta; cachorre\u00f1an vuoka ja maidonmurut.<\/span><\/p>\n<p><span style=\"font-weight: 400;\">Joistakin kaupungin perinteisimmist\u00e4 ravintoloista sek\u00e4 joistakin baareistasi l\u00f6yd\u00e4t ne helposti.<\/span><\/p>\n<p><span style=\"font-weight: 400;\">Kuitenkin keitti\u00f6, joka viettelee ja tunnetaan kaikkialla maailmassa, on Malagan ja Andalusian keitti\u00f6, ja koska Benalm\u00e1dena on p\u00e4\u00e4asiassa rantapaikka, \u00e4yri\u00e4isiin perustuva keitti\u00f6.<\/span><\/p>\n<p><span style=\"font-weight: 400;\">Paistetut sardiinit, &#8220;pescaito&#8221; (chopitos, boquerones, chipirones, puntillitas, calamaritos), kalmarit tai seepiat, katkaravut, coquina, simpukat, katkaravut, katkaravut, karabiinot, merihernet, meribassi, ruusu ja pitk\u00e4 jne<\/span><\/p>\n<p><span style=\"font-weight: 400;\">. yst\u00e4vill\u00e4 on mahdollisuus kokeilla er\u00e4it\u00e4 Costa del Solin parhaista asiantuntijoista; merenel\u00e4vi\u00e4 paella, sekoitettua paellaa, mustaa riisi\u00e4, hummeririisi\u00e4 ja monia muita vaihtoehtoja.<\/span><\/p>\n<p><span style=\"font-weight: 400;\">Emme voi unohtaa alkupaloja: salaatteja, antequerana-kuisti, gazpacho, valkoinen valkosipuli, Iberian kinkku tai Malagan salaatti.<\/span><\/p>\n<p><span style=\"font-weight: 400;\">Lyhyesti sanottuna laadun, monipuolisuuden ja m\u00e4\u00e4r\u00e4n vuoksi sinun ei tarvitse valittaa kulinaarisista herkkuista, joita Benalm\u00e1dena tarjoaa.<\/span><\/p>\n<p><span style=\"font-weight: 400;\">Benalm\u00e1denan gastronomian tyypillisimm\u00e4t ruokalajit, joiden kokeilua ei voi lopettaa k\u00e4ydess\u00e4\u00e4n kunnassa, ovat migas con leche, sardiinisylki, cachorre\u00f1an vuoka ja paistettu kala.<\/span><\/p>\n<p><span style=\"font-weight: 400;\">L\u00f6yd\u00e4t ne yhdest\u00e4 kolmesta asutuskeskuksesta: Benalm\u00e1dena Pueblo, Benalm\u00e1dena Costa ja Arroyo de la Miel.<\/span><\/p>\n<p><span style=\"font-weight: 400;\">Paistettujen kalojen joukossa t\u00e4m\u00e4n rannikkokaupungin tyypillisimm\u00e4t ovat sardellit, piikkimakrilli ja punainen kana.<\/span><\/p>\n<h2><span class=\"ez-toc-section\" id=\"Haluatko_vierailla_Benalmadenassa_jouluna\"><\/span><b>Haluatko vierailla Benalm\u00e1denassa jouluna?<\/b><span class=\"ez-toc-section-end\"><\/span><\/h2>\n<p><span style=\"font-weight: 400;\">Benalm\u00e1dena<\/span><span style=\"font-weight: 400;\"> on vilkas kaupunki Costa del Solilla, jolla on monia mielenkiintoisia n\u00e4ht\u00e4vyyksi\u00e4 hauskanpitoon lomalla. Voit esimerkiksi k\u00e4yd\u00e4 Selwo Marinassa, Mariposariossa, Tivoli World -teemapuistossa jne<\/span><\/p>\n<p><span style=\"font-weight: 400;\">\u00a0. Benalm\u00e1denan ilmasto<\/span><span style=\"font-weight: 400;\"> on upea auringonpaisteensa ja lempeiden l\u00e4mp\u00f6tilojensa vuoksi. Joten voit menn\u00e4 ulos ulkoiluun melkein joka p\u00e4iv\u00e4. N\u00e4in voit my\u00f6s nauttia rannasta jouluna.<\/span><\/p>\n<p><span style=\"font-weight: 400;\">Puerto de Benalm\u00e1dena<\/span><span style=\"font-weight: 400;\"> on yksi parhaista venesatamista, jolla on sek\u00e4 asuinalue ett\u00e4 vapaa-ajan alue, jolla on monia kansainv\u00e4lisi\u00e4 kauppoja ja ravintoloita.<\/span><\/p>\n<h2><span class=\"ez-toc-section\" id=\"Hyodynnat_halpaa_autonvuokraustasi_kaupungissa_Benalmadena\"><\/span><b>Hy\u00f6dynn\u00e4t halpaa autonvuokraustasi kaupungissa Benalmadena?<\/b><span class=\"ez-toc-section-end\"><\/span><\/h2>\n<p><span style=\"font-weight: 400;\">\u00c4l\u00e4 unohda menn\u00e4 rannalle halvan vuokra-autosi kanssa Benalmadena. Sinulla on monia valintoja:<\/span><\/p>\n<ul>\n<li style=\"font-weight: 400;\" aria-level=\"1\"><b>Playa Arroyo de la-ranta-ranta <\/b><span style=\"font-weight: 400;\">Miel<\/span><b>:<\/b><span style=\"font-weight: 400;\"> Arroyo de la Mielja Bil Bilovat eritt\u00e4in suosittu alue, jolla on korkeatasoiset palvelut. Se sijaitsee Arroyo de la Mieliss\u00e4, Benalm\u00e1denassa.<\/span><\/li>\n<li style=\"font-weight: 400;\" aria-level=\"1\"><b>Arroyo Hondo:<\/b><span style=\"font-weight: 400;\"> Arroyo Hondo on ranta, jolla on paljon ihmisi\u00e4, Costa Azul -hotellin vieress\u00e4.<\/span><\/li>\n<li style=\"font-weight: 400;\" aria-level=\"1\"><b>Benalnatura:<\/b><span style=\"font-weight: 400;\"> Benalnatura on pieni ranta, joka sijaitsee Levante of Las Viborillas -rannalla Benalm\u00e1denassa. Se on yksi<\/span>\n<ul>\n<li style=\"font-weight: 400;\" aria-level=\"2\"><span style=\"font-weight: 400;\">\u00a0harvoista nudistirannoista Maltan rannikolla. Se sijaitsee pieness\u00e4 poukamassa rehev\u00e4n kasvillisuuden ymp\u00e4r\u00f6im\u00e4n\u00e4.<\/span><\/li>\n<li style=\"font-weight: 400;\" aria-level=\"2\"><b>Bil Bil:<\/b><span style=\"font-weight: 400;\"> Bil Bil ja Arroyo de la Miel -ranta ovat eritt\u00e4in suosittu alue.<\/span><\/li>\n<li style=\"font-weight: 400;\" aria-level=\"2\"><span style=\"font-weight: 400;\">Ja paljon enemm\u00e4n!!<\/span><\/li>\n<\/ul>\n<\/li>\n<li style=\"font-weight: 400;\" aria-level=\"1\"><span style=\"font-weight: 400;\">Matka ei p\u00e4\u00e4ty t\u00e4h\u00e4n, hy\u00f6dynn\u00e4 halpaa vuokra-autoa Benalmadenassa ja aja ymp\u00e4ri kaupunkia tutustuaksesi kaupungin salaisuuksiin.<\/span><span style=\"font-weight: 400;\"><br \/>\n<\/span><span style=\"font-weight: 400;\">Kerro meille, mit\u00e4 mielt\u00e4 olet kaupungista ja jos oppaastasi oli apua sinulle ja autonvuokrauksellemme. \ud83d\ude09<\/span><span style=\"font-weight: 400;\"><br \/>\n<\/span><span style=\"font-weight: 400;\">Nauti lomastasi!<\/span><span style=\"font-weight: 400;\"><br \/>\n<\/span><\/li>\n<\/ul>\n","protected":false},"excerpt":{"rendered":"<p>Jos tarvitset Halpa autonvuokraus Benalmadena\u00a0, yhti\u00f6mme opastaa sinut parhaimpiin tarjouksiimme ja autoihimme. Ei tarvitse etsi\u00e4 enemp\u00e4\u00e4 tai ep\u00e4r\u00f6id\u00e4! Miksi sinun pit\u00e4isi varata meilt\u00e4? Jos mietit, miksi varata Bahia Sexi Rent Car: klikkaa t\u00e4t\u00e4 linkki\u00e4 ja l\u00f6yd\u00e4t vastaukset. Nosta halpa vuokra-autosi Benalmadenasta ja tutustu kaupungin historiaan! Ensimm\u00e4iset siirtokunnat, joista meill\u00e4 on viitteit\u00e4 Benalm\u00e1denassa, ovat per\u00e4isin my\u00f6h\u00e4isest\u00e4&#8230;<\/p>\n","protected":false},"author":9,"featured_media":0,"comment_status":"closed","ping_status":"closed","sticky":false,"template":"","format":"standard","meta":{"footnotes":""},"categories":[36],"tags":[],"class_list":["post-36564","post","type-post","status-publish","format-standard","hentry","category-uncategorized"],"yoast_head":"<!-- This site is optimized with the Yoast SEO Premium plugin v27.3 (Yoast SEO v27.3) - https:\/\/yoast.com\/product\/yoast-seo-premium-wordpress\/ -->\n<title>Halpa autonvuokraus Benalmadena Bahia Sexi | Mit\u00e4 tehd\u00e4 Benalmadena<\/title>\n<meta name=\"description\" content=\"Jos etsit Halpa autonvuokraus Benalmadena, t\u00e4m\u00e4 on palvelu, jonka sinun on tiedett\u00e4v\u00e4. Kerromme sinulle my\u00f6s kaupungista!\" \/>\n<meta name=\"robots\" content=\"index, follow, max-snippet:-1, max-image-preview:large, max-video-preview:-1\" \/>\n<link rel=\"canonical\" href=\"https:\/\/bahiasexirentacar.com\/fi\/halpa-autonvuokraus-benalmadena-malaga\/\" \/>\n<meta property=\"og:locale\" content=\"fi_FI\" \/>\n<meta property=\"og:type\" content=\"article\" \/>\n<meta property=\"og:title\" content=\"Halpa autonvuokraus Benalmadena Bahia Sexi | Mit\u00e4 tehd\u00e4 Benalmadena\" \/>\n<meta property=\"og:description\" content=\"Jos etsit Halpa autonvuokraus Benalmadena, t\u00e4m\u00e4 on palvelu, jonka sinun on tiedett\u00e4v\u00e4. Kerromme sinulle my\u00f6s kaupungista!\" \/>\n<meta property=\"og:url\" content=\"https:\/\/bahiasexirentacar.com\/fi\/halpa-autonvuokraus-benalmadena-malaga\/\" \/>\n<meta property=\"og:site_name\" content=\"Bahia Sexi Rent a Car\" \/>\n<meta property=\"article:publisher\" content=\"https:\/\/www.facebook.com\/bahiasexi\" \/>\n<meta property=\"article:published_time\" content=\"2021-03-16T17:57:46+00:00\" \/>\n<meta property=\"article:modified_time\" content=\"2025-08-14T19:42:49+00:00\" \/>\n<meta name=\"author\" content=\"Laura Rodr\u00edguez\" \/>\n<meta name=\"twitter:card\" content=\"summary_large_image\" \/>\n<meta name=\"twitter:label1\" content=\"Kirjoittanut\" \/>\n\t<meta name=\"twitter:data1\" content=\"Laura Rodr\u00edguez\" \/>\n\t<meta name=\"twitter:label2\" content=\"Arvioitu lukuaika\" \/>\n\t<meta name=\"twitter:data2\" content=\"9 minuuttia\" \/>\n<script type=\"application\/ld+json\" class=\"yoast-schema-graph\">{\"@context\":\"https:\\\/\\\/schema.org\",\"@graph\":[{\"@type\":[\"Article\",\"BlogPosting\"],\"@id\":\"https:\\\/\\\/bahiasexirentacar.com\\\/fi\\\/halpa-autonvuokraus-benalmadena-malaga\\\/#article\",\"isPartOf\":{\"@id\":\"https:\\\/\\\/bahiasexirentacar.com\\\/fi\\\/halpa-autonvuokraus-benalmadena-malaga\\\/\"},\"author\":{\"name\":\"Laura Rodr\u00edguez\",\"@id\":\"https:\\\/\\\/bahiasexirentacar.com\\\/fi\\\/#\\\/schema\\\/person\\\/64fabdc74607552da9ede8736baf3704\"},\"headline\":\"Halpa autonvuokraus Benalmadena Bahia Sexi | Mit\u00e4 tehd\u00e4 Benalmadena\",\"datePublished\":\"2021-03-16T17:57:46+00:00\",\"dateModified\":\"2025-08-14T19:42:49+00:00\",\"mainEntityOfPage\":{\"@id\":\"https:\\\/\\\/bahiasexirentacar.com\\\/fi\\\/halpa-autonvuokraus-benalmadena-malaga\\\/\"},\"wordCount\":2063,\"publisher\":{\"@id\":\"https:\\\/\\\/bahiasexirentacar.com\\\/fi\\\/#organization\"},\"articleSection\":[\"Uncategorized\"],\"inLanguage\":\"fi\"},{\"@type\":[\"WebPage\",\"ItemPage\"],\"@id\":\"https:\\\/\\\/bahiasexirentacar.com\\\/fi\\\/halpa-autonvuokraus-benalmadena-malaga\\\/\",\"url\":\"https:\\\/\\\/bahiasexirentacar.com\\\/fi\\\/halpa-autonvuokraus-benalmadena-malaga\\\/\",\"name\":\"Halpa autonvuokraus Benalmadena Bahia Sexi | Mit\u00e4 tehd\u00e4 Benalmadena\",\"isPartOf\":{\"@id\":\"https:\\\/\\\/bahiasexirentacar.com\\\/fi\\\/#website\"},\"datePublished\":\"2021-03-16T17:57:46+00:00\",\"dateModified\":\"2025-08-14T19:42:49+00:00\",\"description\":\"Jos etsit Halpa autonvuokraus Benalmadena, t\u00e4m\u00e4 on palvelu, jonka sinun on tiedett\u00e4v\u00e4. Kerromme sinulle my\u00f6s kaupungista!\",\"breadcrumb\":{\"@id\":\"https:\\\/\\\/bahiasexirentacar.com\\\/fi\\\/halpa-autonvuokraus-benalmadena-malaga\\\/#breadcrumb\"},\"inLanguage\":\"fi\",\"potentialAction\":[{\"@type\":\"ReadAction\",\"target\":[\"https:\\\/\\\/bahiasexirentacar.com\\\/fi\\\/halpa-autonvuokraus-benalmadena-malaga\\\/\"]}]},{\"@type\":\"BreadcrumbList\",\"@id\":\"https:\\\/\\\/bahiasexirentacar.com\\\/fi\\\/halpa-autonvuokraus-benalmadena-malaga\\\/#breadcrumb\",\"itemListElement\":[{\"@type\":\"ListItem\",\"position\":1,\"name\":\"Home\",\"item\":\"https:\\\/\\\/bahiasexirentacar.com\\\/fi\\\/\"},{\"@type\":\"ListItem\",\"position\":2,\"name\":\"Uncategorized\",\"item\":\"https:\\\/\\\/bahiasexirentacar.com\\\/fi\\\/category\\\/uncategorized\\\/\"},{\"@type\":\"ListItem\",\"position\":3,\"name\":\"Halpa autonvuokraus Benalmadena Bahia Sexi | Mit\u00e4 tehd\u00e4 Benalmadena\"}]},{\"@type\":\"WebSite\",\"@id\":\"https:\\\/\\\/bahiasexirentacar.com\\\/fi\\\/#website\",\"url\":\"https:\\\/\\\/bahiasexirentacar.com\\\/fi\\\/\",\"name\":\"Bahia Sexi Rent a Car\",\"description\":\"Car rental at Malaga Airport\",\"publisher\":{\"@id\":\"https:\\\/\\\/bahiasexirentacar.com\\\/fi\\\/#organization\"},\"potentialAction\":[{\"@type\":\"SearchAction\",\"target\":{\"@type\":\"EntryPoint\",\"urlTemplate\":\"https:\\\/\\\/bahiasexirentacar.com\\\/fi\\\/?s={search_term_string}\"},\"query-input\":{\"@type\":\"PropertyValueSpecification\",\"valueRequired\":true,\"valueName\":\"search_term_string\"}}],\"inLanguage\":\"fi\"},{\"@type\":\"Organization\",\"@id\":\"https:\\\/\\\/bahiasexirentacar.com\\\/fi\\\/#organization\",\"name\":\"Bahia Sexi Rent a Car\",\"url\":\"https:\\\/\\\/bahiasexirentacar.com\\\/fi\\\/\",\"logo\":{\"@type\":\"ImageObject\",\"inLanguage\":\"fi\",\"@id\":\"https:\\\/\\\/bahiasexirentacar.com\\\/fi\\\/#\\\/schema\\\/logo\\\/image\\\/\",\"url\":\"https:\\\/\\\/bahiasexirentacar.com\\\/wp-content\\\/uploads\\\/2024\\\/11\\\/cropped-Icono-sitio-web.jpg\",\"contentUrl\":\"https:\\\/\\\/bahiasexirentacar.com\\\/wp-content\\\/uploads\\\/2024\\\/11\\\/cropped-Icono-sitio-web.jpg\",\"width\":512,\"height\":512,\"caption\":\"Bahia Sexi Rent a Car\"},\"image\":{\"@id\":\"https:\\\/\\\/bahiasexirentacar.com\\\/fi\\\/#\\\/schema\\\/logo\\\/image\\\/\"},\"sameAs\":[\"https:\\\/\\\/www.facebook.com\\\/bahiasexi\"]},{\"@type\":\"Person\",\"@id\":\"https:\\\/\\\/bahiasexirentacar.com\\\/fi\\\/#\\\/schema\\\/person\\\/64fabdc74607552da9ede8736baf3704\",\"name\":\"Laura Rodr\u00edguez\",\"image\":{\"@type\":\"ImageObject\",\"inLanguage\":\"fi\",\"@id\":\"https:\\\/\\\/secure.gravatar.com\\\/avatar\\\/87967e69b46baa8deb98f90585854c12aba67cb0c70970f1da219b1b30cacb8d?s=96&d=mm&r=g\",\"url\":\"https:\\\/\\\/secure.gravatar.com\\\/avatar\\\/87967e69b46baa8deb98f90585854c12aba67cb0c70970f1da219b1b30cacb8d?s=96&d=mm&r=g\",\"contentUrl\":\"https:\\\/\\\/secure.gravatar.com\\\/avatar\\\/87967e69b46baa8deb98f90585854c12aba67cb0c70970f1da219b1b30cacb8d?s=96&d=mm&r=g\",\"caption\":\"Laura Rodr\u00edguez\"}}]}<\/script>\n<!-- \/ Yoast SEO Premium plugin. -->","yoast_head_json":{"title":"Halpa autonvuokraus Benalmadena Bahia Sexi | Mit\u00e4 tehd\u00e4 Benalmadena","description":"Jos etsit Halpa autonvuokraus Benalmadena, t\u00e4m\u00e4 on palvelu, jonka sinun on tiedett\u00e4v\u00e4. Kerromme sinulle my\u00f6s kaupungista!","robots":{"index":"index","follow":"follow","max-snippet":"max-snippet:-1","max-image-preview":"max-image-preview:large","max-video-preview":"max-video-preview:-1"},"canonical":"https:\/\/bahiasexirentacar.com\/fi\/halpa-autonvuokraus-benalmadena-malaga\/","og_locale":"fi_FI","og_type":"article","og_title":"Halpa autonvuokraus Benalmadena Bahia Sexi | Mit\u00e4 tehd\u00e4 Benalmadena","og_description":"Jos etsit Halpa autonvuokraus Benalmadena, t\u00e4m\u00e4 on palvelu, jonka sinun on tiedett\u00e4v\u00e4. Kerromme sinulle my\u00f6s kaupungista!","og_url":"https:\/\/bahiasexirentacar.com\/fi\/halpa-autonvuokraus-benalmadena-malaga\/","og_site_name":"Bahia Sexi Rent a Car","article_publisher":"https:\/\/www.facebook.com\/bahiasexi","article_published_time":"2021-03-16T17:57:46+00:00","article_modified_time":"2025-08-14T19:42:49+00:00","author":"Laura Rodr\u00edguez","twitter_card":"summary_large_image","twitter_misc":{"Kirjoittanut":"Laura Rodr\u00edguez","Arvioitu lukuaika":"9 minuuttia"},"schema":{"@context":"https:\/\/schema.org","@graph":[{"@type":["Article","BlogPosting"],"@id":"https:\/\/bahiasexirentacar.com\/fi\/halpa-autonvuokraus-benalmadena-malaga\/#article","isPartOf":{"@id":"https:\/\/bahiasexirentacar.com\/fi\/halpa-autonvuokraus-benalmadena-malaga\/"},"author":{"name":"Laura Rodr\u00edguez","@id":"https:\/\/bahiasexirentacar.com\/fi\/#\/schema\/person\/64fabdc74607552da9ede8736baf3704"},"headline":"Halpa autonvuokraus Benalmadena Bahia Sexi | Mit\u00e4 tehd\u00e4 Benalmadena","datePublished":"2021-03-16T17:57:46+00:00","dateModified":"2025-08-14T19:42:49+00:00","mainEntityOfPage":{"@id":"https:\/\/bahiasexirentacar.com\/fi\/halpa-autonvuokraus-benalmadena-malaga\/"},"wordCount":2063,"publisher":{"@id":"https:\/\/bahiasexirentacar.com\/fi\/#organization"},"articleSection":["Uncategorized"],"inLanguage":"fi"},{"@type":["WebPage","ItemPage"],"@id":"https:\/\/bahiasexirentacar.com\/fi\/halpa-autonvuokraus-benalmadena-malaga\/","url":"https:\/\/bahiasexirentacar.com\/fi\/halpa-autonvuokraus-benalmadena-malaga\/","name":"Halpa autonvuokraus Benalmadena Bahia Sexi | Mit\u00e4 tehd\u00e4 Benalmadena","isPartOf":{"@id":"https:\/\/bahiasexirentacar.com\/fi\/#website"},"datePublished":"2021-03-16T17:57:46+00:00","dateModified":"2025-08-14T19:42:49+00:00","description":"Jos etsit Halpa autonvuokraus Benalmadena, t\u00e4m\u00e4 on palvelu, jonka sinun on tiedett\u00e4v\u00e4. Kerromme sinulle my\u00f6s kaupungista!","breadcrumb":{"@id":"https:\/\/bahiasexirentacar.com\/fi\/halpa-autonvuokraus-benalmadena-malaga\/#breadcrumb"},"inLanguage":"fi","potentialAction":[{"@type":"ReadAction","target":["https:\/\/bahiasexirentacar.com\/fi\/halpa-autonvuokraus-benalmadena-malaga\/"]}]},{"@type":"BreadcrumbList","@id":"https:\/\/bahiasexirentacar.com\/fi\/halpa-autonvuokraus-benalmadena-malaga\/#breadcrumb","itemListElement":[{"@type":"ListItem","position":1,"name":"Home","item":"https:\/\/bahiasexirentacar.com\/fi\/"},{"@type":"ListItem","position":2,"name":"Uncategorized","item":"https:\/\/bahiasexirentacar.com\/fi\/category\/uncategorized\/"},{"@type":"ListItem","position":3,"name":"Halpa autonvuokraus Benalmadena Bahia Sexi | Mit\u00e4 tehd\u00e4 Benalmadena"}]},{"@type":"WebSite","@id":"https:\/\/bahiasexirentacar.com\/fi\/#website","url":"https:\/\/bahiasexirentacar.com\/fi\/","name":"Bahia Sexi Rent a Car","description":"Car rental at Malaga Airport","publisher":{"@id":"https:\/\/bahiasexirentacar.com\/fi\/#organization"},"potentialAction":[{"@type":"SearchAction","target":{"@type":"EntryPoint","urlTemplate":"https:\/\/bahiasexirentacar.com\/fi\/?s={search_term_string}"},"query-input":{"@type":"PropertyValueSpecification","valueRequired":true,"valueName":"search_term_string"}}],"inLanguage":"fi"},{"@type":"Organization","@id":"https:\/\/bahiasexirentacar.com\/fi\/#organization","name":"Bahia Sexi Rent a Car","url":"https:\/\/bahiasexirentacar.com\/fi\/","logo":{"@type":"ImageObject","inLanguage":"fi","@id":"https:\/\/bahiasexirentacar.com\/fi\/#\/schema\/logo\/image\/","url":"https:\/\/bahiasexirentacar.com\/wp-content\/uploads\/2024\/11\/cropped-Icono-sitio-web.jpg","contentUrl":"https:\/\/bahiasexirentacar.com\/wp-content\/uploads\/2024\/11\/cropped-Icono-sitio-web.jpg","width":512,"height":512,"caption":"Bahia Sexi Rent a Car"},"image":{"@id":"https:\/\/bahiasexirentacar.com\/fi\/#\/schema\/logo\/image\/"},"sameAs":["https:\/\/www.facebook.com\/bahiasexi"]},{"@type":"Person","@id":"https:\/\/bahiasexirentacar.com\/fi\/#\/schema\/person\/64fabdc74607552da9ede8736baf3704","name":"Laura Rodr\u00edguez","image":{"@type":"ImageObject","inLanguage":"fi","@id":"https:\/\/secure.gravatar.com\/avatar\/87967e69b46baa8deb98f90585854c12aba67cb0c70970f1da219b1b30cacb8d?s=96&d=mm&r=g","url":"https:\/\/secure.gravatar.com\/avatar\/87967e69b46baa8deb98f90585854c12aba67cb0c70970f1da219b1b30cacb8d?s=96&d=mm&r=g","contentUrl":"https:\/\/secure.gravatar.com\/avatar\/87967e69b46baa8deb98f90585854c12aba67cb0c70970f1da219b1b30cacb8d?s=96&d=mm&r=g","caption":"Laura Rodr\u00edguez"}}]}},"_links":{"self":[{"href":"https:\/\/bahiasexirentacar.com\/fi\/wp-json\/wp\/v2\/posts\/36564","targetHints":{"allow":["GET"]}}],"collection":[{"href":"https:\/\/bahiasexirentacar.com\/fi\/wp-json\/wp\/v2\/posts"}],"about":[{"href":"https:\/\/bahiasexirentacar.com\/fi\/wp-json\/wp\/v2\/types\/post"}],"author":[{"embeddable":true,"href":"https:\/\/bahiasexirentacar.com\/fi\/wp-json\/wp\/v2\/users\/9"}],"replies":[{"embeddable":true,"href":"https:\/\/bahiasexirentacar.com\/fi\/wp-json\/wp\/v2\/comments?post=36564"}],"version-history":[{"count":4,"href":"https:\/\/bahiasexirentacar.com\/fi\/wp-json\/wp\/v2\/posts\/36564\/revisions"}],"predecessor-version":[{"id":1944311,"href":"https:\/\/bahiasexirentacar.com\/fi\/wp-json\/wp\/v2\/posts\/36564\/revisions\/1944311"}],"wp:attachment":[{"href":"https:\/\/bahiasexirentacar.com\/fi\/wp-json\/wp\/v2\/media?parent=36564"}],"wp:term":[{"taxonomy":"category","embeddable":true,"href":"https:\/\/bahiasexirentacar.com\/fi\/wp-json\/wp\/v2\/categories?post=36564"},{"taxonomy":"post_tag","embeddable":true,"href":"https:\/\/bahiasexirentacar.com\/fi\/wp-json\/wp\/v2\/tags?post=36564"}],"curies":[{"name":"wp","href":"https:\/\/api.w.org\/{rel}","templated":true}]}}