{"id":20302,"date":"2018-12-28T10:17:22","date_gmt":"2018-12-28T09:17:22","guid":{"rendered":"https:\/\/bahiasexirentacar.com\/?p=20302"},"modified":"2025-08-14T19:49:17","modified_gmt":"2025-08-14T19:49:17","slug":"location-de-voiture-pas-chere-benalmadena","status":"publish","type":"post","link":"https:\/\/bahiasexirentacar.com\/fr\/location-de-voiture-pas-chere-benalmadena\/","title":{"rendered":"Location de Voiture pas ch\u00e8re Benalmadena Bahia Sexi | Que faire \u00e0 Benalmadena"},"content":{"rendered":"<p><span style=\"font-weight: 400;\">Si vous avez besoin d&#8217;une<strong> <a href=\"https:\/\/bahiasexirentacar.com\/fr\/\">location de voiture<\/a> pas ch\u00e8re Benalmadena<\/strong>, notre soci\u00e9t\u00e9 vous guidera vers les meilleures offres et voitures que nous avons. Pas besoin de chercher plus loin ou d&#8217;h\u00e9siter!<\/span><\/p>\n<p>&nbsp;<\/p>\n<div id=\"ez-toc-container\" class=\"ez-toc-v2_0_82_2 counter-hierarchy ez-toc-counter ez-toc-white ez-toc-container-direction\">\n<div class=\"ez-toc-title-container\">\n<p class=\"ez-toc-title\" style=\"cursor:inherit\">Contents:<\/p>\n<span class=\"ez-toc-title-toggle\"><a href=\"#\" class=\"ez-toc-pull-right ez-toc-btn ez-toc-btn-xs ez-toc-btn-default ez-toc-toggle\" aria-label=\"Toggle Table of Content\"><span class=\"ez-toc-js-icon-con\"><span class=\"\"><span class=\"eztoc-hide\" style=\"display:none;\">Toggle<\/span><span class=\"ez-toc-icon-toggle-span\"><svg style=\"fill: #000000;color:#000000\" xmlns=\"http:\/\/www.w3.org\/2000\/svg\" class=\"list-377408\" width=\"20px\" height=\"20px\" viewBox=\"0 0 24 24\" fill=\"none\"><path d=\"M6 6H4v2h2V6zm14 0H8v2h12V6zM4 11h2v2H4v-2zm16 0H8v2h12v-2zM4 16h2v2H4v-2zm16 0H8v2h12v-2z\" fill=\"currentColor\"><\/path><\/svg><svg style=\"fill: #000000;color:#000000\" class=\"arrow-unsorted-368013\" xmlns=\"http:\/\/www.w3.org\/2000\/svg\" width=\"10px\" height=\"10px\" viewBox=\"0 0 24 24\" version=\"1.2\" baseProfile=\"tiny\"><path d=\"M18.2 9.3l-6.2-6.3-6.2 6.3c-.2.2-.3.4-.3.7s.1.5.3.7c.2.2.4.3.7.3h11c.3 0 .5-.1.7-.3.2-.2.3-.5.3-.7s-.1-.5-.3-.7zM5.8 14.7l6.2 6.3 6.2-6.3c.2-.2.3-.5.3-.7s-.1-.5-.3-.7c-.2-.2-.4-.3-.7-.3h-11c-.3 0-.5.1-.7.3-.2.2-.3.5-.3.7s.1.5.3.7z\"\/><\/svg><\/span><\/span><\/span><\/a><\/span><\/div>\n<nav><ul class='ez-toc-list ez-toc-list-level-1 ' ><li class='ez-toc-page-1 ez-toc-heading-level-2'><a class=\"ez-toc-link ez-toc-heading-1\" href=\"https:\/\/bahiasexirentacar.com\/fr\/location-de-voiture-pas-chere-benalmadena\/#Pourquoi_reserver_avec_nous\" >Pourquoi r\u00e9server avec nous?<\/a><\/li><li class='ez-toc-page-1 ez-toc-heading-level-2'><a class=\"ez-toc-link ez-toc-heading-2\" href=\"https:\/\/bahiasexirentacar.com\/fr\/location-de-voiture-pas-chere-benalmadena\/#Prenez_votre_voiture_de_location_pas_chere_a_Benalmadena_et_parcourez_lhistoire_de_la_ville\" >Prenez votre voiture de location pas ch\u00e8re \u00e0 Benalmadena et parcourez l&#8217;histoire de la ville!<\/a><\/li><li class='ez-toc-page-1 ez-toc-heading-level-2'><a class=\"ez-toc-link ez-toc-heading-3\" href=\"https:\/\/bahiasexirentacar.com\/fr\/location-de-voiture-pas-chere-benalmadena\/#Mais_quel_temps_ferait-il_lorsque_vous_louez_une_voiture_pas_chere_a_Benalmadena\" >Mais quel temps ferait-il lorsque vous louez une voiture pas ch\u00e8re \u00e0 Benalmadena?<\/a><ul class='ez-toc-list-level-3' ><li class='ez-toc-heading-level-3'><a class=\"ez-toc-link ez-toc-heading-4\" href=\"https:\/\/bahiasexirentacar.com\/fr\/location-de-voiture-pas-chere-benalmadena\/#Temperatures\" >Temp\u00e9ratures:<\/a><\/li><li class='ez-toc-page-1 ez-toc-heading-level-3'><a class=\"ez-toc-link ez-toc-heading-5\" href=\"https:\/\/bahiasexirentacar.com\/fr\/location-de-voiture-pas-chere-benalmadena\/#Precipitations\" >Pr\u00e9cipitations:<\/a><\/li><\/ul><\/li><li class='ez-toc-page-1 ez-toc-heading-level-2'><a class=\"ez-toc-link ez-toc-heading-6\" href=\"https:\/\/bahiasexirentacar.com\/fr\/location-de-voiture-pas-chere-benalmadena\/#Venez_connaitre_les_5_meilleurs_restaurants_de_Benalmadena\" >Venez conna\u00eetre les 5 meilleurs restaurants de Benalmadena<\/a><ul class='ez-toc-list-level-3' ><li class='ez-toc-heading-level-3'><a class=\"ez-toc-link ez-toc-heading-7\" href=\"https:\/\/bahiasexirentacar.com\/fr\/location-de-voiture-pas-chere-benalmadena\/#Lime_Lemon\" >Lime &amp; Lemon<\/a><\/li><li class='ez-toc-page-1 ez-toc-heading-level-3'><a class=\"ez-toc-link ez-toc-heading-8\" href=\"https:\/\/bahiasexirentacar.com\/fr\/location-de-voiture-pas-chere-benalmadena\/#Fama_Tapas_Bar\" >Fama Tapas Bar<\/a><\/li><li class='ez-toc-page-1 ez-toc-heading-level-3'><a class=\"ez-toc-link ez-toc-heading-9\" href=\"https:\/\/bahiasexirentacar.com\/fr\/location-de-voiture-pas-chere-benalmadena\/#Karma\" >Karma<\/a><\/li><li class='ez-toc-page-1 ez-toc-heading-level-3'><a class=\"ez-toc-link ez-toc-heading-10\" href=\"https:\/\/bahiasexirentacar.com\/fr\/location-de-voiture-pas-chere-benalmadena\/#Vinoteca_Moncloa\" >Vinoteca Moncloa<\/a><\/li><li class='ez-toc-page-1 ez-toc-heading-level-3'><a class=\"ez-toc-link ez-toc-heading-11\" href=\"https:\/\/bahiasexirentacar.com\/fr\/location-de-voiture-pas-chere-benalmadena\/#Toro_Puerto_Marina\" >Toro Puerto Marina<\/a><\/li><\/ul><\/li><li class='ez-toc-page-1 ez-toc-heading-level-2'><a class=\"ez-toc-link ez-toc-heading-12\" href=\"https:\/\/bahiasexirentacar.com\/fr\/location-de-voiture-pas-chere-benalmadena\/#i\" >\u00a0<\/a><\/li><li class='ez-toc-page-1 ez-toc-heading-level-2'><a class=\"ez-toc-link ez-toc-heading-13\" href=\"https:\/\/bahiasexirentacar.com\/fr\/location-de-voiture-pas-chere-benalmadena\/#Decouvrez_la_gastronomie_de_Benalmadena\" >D\u00e9couvrez la gastronomie de Benalmadena<\/a><\/li><li class='ez-toc-page-1 ez-toc-heading-level-2'><a class=\"ez-toc-link ez-toc-heading-14\" href=\"https:\/\/bahiasexirentacar.com\/fr\/location-de-voiture-pas-chere-benalmadena\/#Monuments_qui_valent_la_peine_detre_visites_avec_votre_location_de_voiture_bon_marche_a_Benalmadena\" >Monuments qui valent la peine d&#8217;\u00eatre visit\u00e9s avec votre location de voiture bon march\u00e9 \u00e0 Benalmadena<\/a><ul class='ez-toc-list-level-3' ><li class='ez-toc-heading-level-3'><a class=\"ez-toc-link ez-toc-heading-15\" href=\"https:\/\/bahiasexirentacar.com\/fr\/location-de-voiture-pas-chere-benalmadena\/#Chateau_de_Colomares\" >Ch\u00e2teau de Colomares<\/a><\/li><li class='ez-toc-page-1 ez-toc-heading-level-3'><a class=\"ez-toc-link ez-toc-heading-16\" href=\"https:\/\/bahiasexirentacar.com\/fr\/location-de-voiture-pas-chere-benalmadena\/#Eglise_de_Saint-Domingue\" >\u00c9glise de Saint-Domingue<\/a><\/li><li class='ez-toc-page-1 ez-toc-heading-level-3'><a class=\"ez-toc-link ez-toc-heading-17\" href=\"https:\/\/bahiasexirentacar.com\/fr\/location-de-voiture-pas-chere-benalmadena\/#Stupa_des_Lumieres\" >Stupa des Lumi\u00e8res<\/a><\/li><li class='ez-toc-page-1 ez-toc-heading-level-3'><a class=\"ez-toc-link ez-toc-heading-18\" href=\"https:\/\/bahiasexirentacar.com\/fr\/location-de-voiture-pas-chere-benalmadena\/#Centre_historique_de_Benalmadena_Pueblo\" >Centre historique de Benalm\u00e1dena Pueblo<\/a><\/li><li class='ez-toc-page-1 ez-toc-heading-level-3'><a class=\"ez-toc-link ez-toc-heading-19\" href=\"https:\/\/bahiasexirentacar.com\/fr\/location-de-voiture-pas-chere-benalmadena\/#La_fille_de_Benalmadena\" >La fille de Benalm\u00e1dena<\/a><\/li><li class='ez-toc-page-1 ez-toc-heading-level-3'><a class=\"ez-toc-link ez-toc-heading-20\" href=\"https:\/\/bahiasexirentacar.com\/fr\/location-de-voiture-pas-chere-benalmadena\/#Chateau_de_Bil_Bil\" >Ch\u00e2teau de Bil Bil<\/a><\/li><\/ul><\/li><li class='ez-toc-page-1 ez-toc-heading-level-2'><a class=\"ez-toc-link ez-toc-heading-21\" href=\"https:\/\/bahiasexirentacar.com\/fr\/location-de-voiture-pas-chere-benalmadena\/#Prenez_votre_voiture_de_location_pas_chere_a_Benalmadena_et_allez_manger_la_meilleure_nourriture\" >Prenez votre voiture de location pas ch\u00e8re \u00e0 Benalmadena et allez manger la meilleure nourriture!<\/a><\/li><li class='ez-toc-page-1 ez-toc-heading-level-2'><a class=\"ez-toc-link ez-toc-heading-22\" href=\"https:\/\/bahiasexirentacar.com\/fr\/location-de-voiture-pas-chere-benalmadena\/#Souhaitez-vous_visiter_Benalmadena_a_Noel\" >Souhaitez-vous visiter Benalmadena \u00e0 No\u00ebl?<\/a><\/li><li class='ez-toc-page-1 ez-toc-heading-level-2'><a class=\"ez-toc-link ez-toc-heading-23\" href=\"https:\/\/bahiasexirentacar.com\/fr\/location-de-voiture-pas-chere-benalmadena\/#Profitez-vous_de_votre_location_de_voiture_pas_chere_a_Benalmadena\" >Profitez-vous de votre location de voiture pas ch\u00e8re \u00e0 Benalmadena?<\/a><\/li><\/ul><\/nav><\/div>\n<h2><span class=\"ez-toc-section\" id=\"Pourquoi_reserver_avec_nous\"><\/span><b>Pourquoi r\u00e9server avec nous?<\/b><span class=\"ez-toc-section-end\"><\/span><\/h2>\n<p><span style=\"font-weight: 400;\">Si vous vous demandez pourquoi r\u00e9server avec Bahia Sexi Rent a car:<\/span><\/p>\n<p><span style=\"font-weight: 400;\">cliquez sur ce<\/span><span style=\"font-weight: 400;\"> lien<\/span><span style=\"font-weight: 400;\"> et vous trouverez les r\u00e9ponses.<\/span><\/p>\n<h2><\/h2>\n<h2><span class=\"ez-toc-section\" id=\"Prenez_votre_voiture_de_location_pas_chere_a_Benalmadena_et_parcourez_lhistoire_de_la_ville\"><\/span><b>Prenez votre voiture de location pas ch\u00e8re \u00e0 Benalmadena et parcourez l&#8217;histoire de la ville!<\/b><span class=\"ez-toc-section-end\"><\/span><\/h2>\n<p><span style=\"font-weight: 400;\">Les premiers \u00e9tablissements dont nous avons la r\u00e9f\u00e9rence \u00e0 Benalm\u00e1dena datent du Pal\u00e9olithique sup\u00e9rieur tardif, comme on peut le d\u00e9duire des vestiges trouv\u00e9s dans certaines grottes de la commune (Cuevas del Toro, Los Botijos ou La Zorrera).<\/span><\/p>\n<p><span style=\"font-weight: 400;\">Les Ph\u00e9niciens sont arriv\u00e9s sur ces c\u00f4tes aux VIIe et VIIIe si\u00e8cles avant J\u00e9sus-Christ, donnant lieu \u00e0 un \u00e9change de cultures ax\u00e9 sur les techniques agricoles, l&#8217;\u00e9levage et le commerce.<\/span><\/p>\n<p><span style=\"font-weight: 400;\">La preuve en est l&#8217;existence de quelques vestiges de colonies ph\u00e9niciennes dans la commune.<\/span><\/p>\n<p><span style=\"font-weight: 400;\">Plus tard sont venus les Romains, dont il reste de nombreux vestiges dans les zones c\u00f4ti\u00e8res de Benalm\u00e1dena.<\/span><\/p>\n<p><span style=\"font-weight: 400;\">Les ruines d&#8217;une usine de salage dans la r\u00e9gion de Benal-Roma et les vestiges d&#8217;autres villas et installations de p\u00eache dans les r\u00e9gions de Torremuelle et Capellan\u00eda sont particuli\u00e8rement pertinents.<\/span><\/p>\n<p><span style=\"font-weight: 400;\">Apr\u00e8s un temps pendant lequel diverses cultures sont pass\u00e9es \u00e0 Benalm\u00e1dena, l&#8217;arriv\u00e9e des Arabes \u00e0 qui le nom de la municipalit\u00e9 a eu lieu a eu lieu.<\/span><\/p>\n<p><span style=\"font-weight: 400;\">Il est attribu\u00e9 au m\u00eame son arabe &#8220;Ben al Madina&#8221; qui signifie &#8220;Enfants des mines&#8221;.<\/span><\/p>\n<p><span style=\"font-weight: 400;\">Cela peut \u00eatre d\u00fb \u00e0 l&#8217;existence d&#8217;une s\u00e9rie de mines dans la zone d&#8217;o\u00f9 elle a \u00e9t\u00e9 extraite, depuis l&#8217;\u00e9poque des Ph\u00e9niciens, du minerai de fer et, surtout, autre.<\/span><\/p>\n<p><span style=\"font-weight: 400;\">Cependant, apr\u00e8s la reconqu\u00eate par les chr\u00e9tiens, il y a une p\u00e9riode sombre dans l&#8217;histoire de la ville car cette zone est pratiquement d\u00e9peupl\u00e9e par la peur des habitants face aux attaques de la mer.<\/span><\/p>\n<p><span style=\"font-weight: 400;\">A plusieurs reprises, le repeuplement de la commune est recherch\u00e9, mais tous avec peu ou pas de succ\u00e8s.<\/span><\/p>\n<p><span style=\"font-weight: 400;\">Ce n&#8217;est qu&#8217;au XVIIIe si\u00e8cle que la r\u00e9gion a commenc\u00e9 \u00e0 retrouver une certaine normalit\u00e9 en termes de peuplement de la population, qui est en partie due \u00e0 la cr\u00e9ation de plusieurs papeteries (quatre papeteries blanches et deux papeteries brunes). ) et une stabilisation sociale.<\/span><\/p>\n<p><span style=\"font-weight: 400;\">Le boom de cette industrie dure une vingtaine d&#8217;ann\u00e9es et se poursuit, \u00e0 l&#8217;aube du XIXe si\u00e8cle, avec un peuplement des travaux agricoles, notamment de la vigne, qui devient une monoculture dans toute la r\u00e9gion.<\/span><\/p>\n<p><span style=\"font-weight: 400;\">Au d\u00e9but du XXe si\u00e8cle, le fl\u00e9au du \u00abphyllox\u00e9ra\u00bb produit une perte de toutes les cultures et un d\u00e9clin \u00e9conomique important.<\/span><\/p>\n<p>&nbsp;<\/p>\n<p><span style=\"font-weight: 400;\">Au cours de ces ann\u00e9es, il y a des destructions syst\u00e9matiques de ce qui \u00e9taient autrefois les fortifications et le ch\u00e2teau de Benalm\u00e1dena (qui occupait le site actuel du mur de Benalm\u00e1dena Pueblo) de sorte que pratiquement aucun vestige physique de l&#8217;\u00e9poque n&#8217;a surv\u00e9cu \u00e0 ce jour.<\/span><\/p>\n<p><span style=\"font-weight: 400;\">Le symbole de la ville est une fille de bronze, connue sous le nom de &#8220;Petite fille de Benalm\u00e1dena&#8221;, qui s&#8217;\u00e9l\u00e8ve discr\u00e8tement sur la Plaza de Espa\u00f1a depuis la fin des ann\u00e9es 60 du si\u00e8cle dernier.<\/span><\/p>\n<p><span style=\"font-weight: 400;\">Cette \u0153uvre de Jaime Pimentel est venue pr\u00e9dire la r\u00e9surgence de l&#8217;\u00e9conomie locale et son lien avec le tourisme et la culture plus internationale, puisqu&#8217;elle a \u00e9t\u00e9 initialement sculpt\u00e9e pour \u00eatre r\u00e9compens\u00e9e lors d&#8217;un festival international du film.<\/span><\/p>\n<p><span style=\"font-weight: 400;\">Une pr\u00e9diction qui sera plus tard renforc\u00e9e par le jumelage avec la c\u00e9l\u00e8bre sculpture du Manekken Pis \u00e0 Bruxelles.<\/span><\/p>\n<p><span style=\"font-weight: 400;\">La pr\u00e9sence de plusieurs nationalit\u00e9s dans la commune engendre, parfois, des contrastes singuliers tels que la repr\u00e9sentation de la Passion de J\u00e9sus dans les rues ou la possibilit\u00e9 d&#8217;assister \u00e0 la comm\u00e9moration de la fin de la Seconde Guerre mondiale, puisqu&#8217;\u00e0 Benalm\u00e1dena il y a le groupe de v\u00e9t\u00e9rans de la l\u00e9gion britannique.<\/span><\/p>\n<p><span style=\"font-weight: 400;\">Le village de Benalm\u00e1dena culmine \u00e0 280 m\u00e8tres au-dessus du niveau de la mer, \u00e9tant un point de vue exceptionnel sur la c\u00f4te, qui, comme nous l&#8217;avons d\u00e9j\u00e0 dit, \u00e9tait, au temps des Rois catholiques, la &#8220;Vigia de la Costa&#8221;, avec les tours du Dock et celui de Quebrada.<\/span><\/p>\n<p><span style=\"font-weight: 400;\">De la place de l&#8217;\u00e9glise, vous pouvez voir comment la ville et le d\u00e9veloppement important du centre urbain de Benalm\u00e1dena Costa ou l&#8217;ancienne ferme d&#8217;Arroyo de la Miel, nom qui re\u00e7oit l&#8217;ancien moulin \u00e0 sucre qui existait au XVIIIe si\u00e8cle.<\/span><\/p>\n<p><span style=\"font-weight: 400;\">Cette situation fait que la ville conserve l&#8217;architecture la plus traditionnelle, avec des rues \u00e9troites et des maisons blanches.<\/span><\/p>\n<p><span style=\"font-weight: 400;\">Le grand d\u00e9veloppement touristique de la r\u00e9gion a dot\u00e9 Benalm\u00e1dena d&#8217;infrastructures et de services tr\u00e8s importants.<\/span><\/p>\n<p><span style=\"font-weight: 400;\">Il poss\u00e8de donc l&#8217;un des plus grands ports touristiques de la c\u00f4te (Puerto Marina), l&#8217;un des premiers parcs d&#8217;attractions construits en Espagne (Tivoli Word) ou l&#8217;un des casinos les plus c\u00e9l\u00e8bres de la r\u00e9gion (casino Torrequebrada, ouvert en 1980).<\/span><\/p>\n<p><span style=\"font-weight: 400;\">Mais elle garde aussi des tr\u00e9sors cach\u00e9s, comme son mus\u00e9e arch\u00e9ologique o\u00f9, depuis 1970, une magnifique collection de pi\u00e8ces pr\u00e9colombiennes est expos\u00e9e, une collection qui commence par l&#8217;h\u00e9ritage que D. Felipe Orlando a re\u00e7u de son grand-p\u00e8re.<\/span><\/p>\n<p><span style=\"font-weight: 400;\">Et c&#8217;est que ce Mexicain d&#8217;origine espagnole a h\u00e9rit\u00e9 d&#8217;un bon nombre de pi\u00e8ces de sites arch\u00e9ologiques pr\u00e9colombiens et, quand il est venu en Espagne et est rest\u00e9 vivre dans cette ville, il a refus\u00e9 de les vendre et en a fait don avec le seul souhait qu&#8217;ils le feraient. \u00eatre expos\u00e9 dans l&#8217;emplacement.<\/span><\/p>\n<p><span style=\"font-weight: 400;\">Avec le r\u00e9veil de l&#8217;int\u00e9r\u00eat arch\u00e9ologique, des vestiges de colonies n\u00e9olithiques ont \u00e9t\u00e9 retrouv\u00e9s dans les grottes de la Sierra de Mijas ou des pi\u00e8ces trouv\u00e9es au large de la c\u00f4te qui ont \u00e9galement leur place dans le mus\u00e9e, comme une statue de &#8220;Diana Cazadora&#8221;.<\/span><\/p>\n<p><span style=\"font-weight: 400;\">Une autre curiosit\u00e9 de cette ville est le ch\u00e2teau de Colomares, qui a commenc\u00e9 \u00e0 \u00eatre construit en 1987 \u00e0 l&#8217;initiative de D. Esteban Mart\u00edn, en hommage \u00e0 Colomb.<\/span><\/p>\n<p><span style=\"font-weight: 400;\">Ce ch\u00e2teau, avec une vue extraordinaire sur la mer, a une architecture qui combine des \u00e9l\u00e9ments mud\u00e9jars, gothiques et Renaissance.<\/span><\/p>\n<p><span style=\"font-weight: 400;\">Et on trouve aussi le ch\u00e2teau de Bil-Bil qui, \u00e0 l&#8217;origine, \u00e9tait la maison d&#8217;un particulier qui voulait lui donner l&#8217;apparence d&#8217;un ch\u00e2teau en bord de mer.<\/span><\/p>\n<p><span style=\"font-weight: 400;\">En bref, \u00e0 Benalm\u00e1dena, nous trouvons deux possibilit\u00e9s bien diff\u00e9renci\u00e9es: pouvoir profiter d&#8217;une ville typiquement andalouse, blanche, aux rues \u00e9troites et escarp\u00e9es; ou trouvez le visage le plus modernis\u00e9, avec la plage et les loisirs.<\/span><\/p>\n<p>&nbsp;<\/p>\n<p><span style=\"font-weight: 400;\">\u00a0<\/span><\/p>\n<h2><span class=\"ez-toc-section\" id=\"Mais_quel_temps_ferait-il_lorsque_vous_louez_une_voiture_pas_chere_a_Benalmadena\"><\/span><b>Mais quel temps ferait-il lorsque vous louez une voiture pas ch\u00e8re \u00e0 Benalmadena?<\/b><span class=\"ez-toc-section-end\"><\/span><\/h2>\n<p><span style=\"font-weight: 400;\">Ok, maintenant que vous connaissez la ville, r\u00e9fl\u00e9chissons \u00e0 la m\u00e9t\u00e9o et o\u00f9 vous pouvez partir avec votre location de voiture pas ch\u00e8re \u00e0 Benalmadena.<\/span><\/p>\n<h3><span class=\"ez-toc-section\" id=\"Temperatures\"><\/span><b>Temp\u00e9ratures:<\/b><span class=\"ez-toc-section-end\"><\/span><\/h3>\n<p><span style=\"font-weight: 400;\">Le climat dont nous jouissons \u00e0 Benalm\u00e1dena est typiquement m\u00e9diterran\u00e9en, avec des temp\u00e9ratures douces tout au long de l&#8217;ann\u00e9e et pratiquement sans gel pendant les mois froids.<\/span><\/p>\n<p><span style=\"font-weight: 400;\">En outre, la protection que suppose la cha\u00eene de montagnes de Benalm\u00e1dena pour les vents venant du nord, ils configurent un environnement o\u00f9 les temp\u00e9ratures sont g\u00e9n\u00e9ralement comprises entre 1 et 2 degr\u00e9s sur les communes limitrophes.<\/span><\/p>\n<p><span style=\"font-weight: 400;\">Ci-dessous, un graphique avec l&#8217;\u00e9volution des temp\u00e9ratures tout au long de l&#8217;ann\u00e9e.<\/span><\/p>\n<h3><span class=\"ez-toc-section\" id=\"Precipitations\"><\/span><b>Pr\u00e9cipitations:<\/b><span class=\"ez-toc-section-end\"><\/span><\/h3>\n<p><span style=\"font-weight: 400;\">Le terme municipal est divis\u00e9 entre le subhumide de Malaga, avec un record entre 600 et 700 mm et qui engloberait la zone de montagne de la municipalit\u00e9.<\/span><\/p>\n<p><span style=\"font-weight: 400;\">Et M\u00e1laga Seca, qui \u00e0 Benalm\u00e1dena oscille entre 500 et 600 mm, un secteur dans lequel ses trois noyaux sont inclus: Benalm\u00e1dena Pueblo, Arroyo de la Miel et Benalm\u00e1dena Costa.<\/span><\/p>\n<p><span style=\"font-weight: 400;\">\u00a0<\/span><\/p>\n<h2><span class=\"ez-toc-section\" id=\"Venez_connaitre_les_5_meilleurs_restaurants_de_Benalmadena\"><\/span><b>Venez conna\u00eetre les 5 meilleurs restaurants de Benalmadena<\/b><span class=\"ez-toc-section-end\"><\/span><\/h2>\n<p>&nbsp;<\/p>\n<h3><span class=\"ez-toc-section\" id=\"Lime_Lemon\"><\/span><b>Lime &amp; Lemon<\/b><span class=\"ez-toc-section-end\"><\/span><\/h3>\n<p><span style=\"font-weight: 400;\">C&#8217;est un bon restaurant sur la promenade, qui dispose d&#8217;une agr\u00e9able terrasse. Ainsi, vous profiterez d&#8217;un repas savoureux et d&#8217;une vue magnifique sur la mer. Il propose une s\u00e9lection cr\u00e9ative de d\u00e9licieux tapas et plats.<\/span><\/p>\n<h3><span class=\"ez-toc-section\" id=\"Fama_Tapas_Bar\"><\/span><b>Fama Tapas Bar<\/b><span class=\"ez-toc-section-end\"><\/span><\/h3>\n<p><span style=\"font-weight: 400;\">Si vous voulez go\u00fbter des tapas d\u00e9licieuses et originales, Fama Bar est votre place. Juste en bord de mer, vous pourrez d\u00e9guster un excellent repas tout en profitant de la vue sur la mer sur la promenade anim\u00e9e de Benalmadena.<\/span><\/p>\n<h3><span class=\"ez-toc-section\" id=\"Karma\"><\/span><b>Karma<\/b><span class=\"ez-toc-section-end\"><\/span><\/h3>\n<p><span style=\"font-weight: 400;\">Ce restaurant est r\u00e9put\u00e9 pour la qualit\u00e9 de sa nourriture et de son service. C&#8217;est un endroit id\u00e9al pour passer un bon moment avec un groupe d&#8217;amis. La sp\u00e9cialit\u00e9 de la maison est le poisson et la paella. Mais la viande est \u00e9galement d\u00e9licieuse.<\/span><\/p>\n<h3><span class=\"ez-toc-section\" id=\"Vinoteca_Moncloa\"><\/span><b>Vinoteca Moncloa<\/b><span class=\"ez-toc-section-end\"><\/span><\/h3>\n<p><span style=\"font-weight: 400;\">Il est situ\u00e9 dans le centre-ville. C&#8217;est un endroit id\u00e9al pour essayer des vins espagnols et de d\u00e9licieuses tapas. De plus, c&#8217;est l&#8217;un des rares bars de Benalmadena, qui sert des tapas gratuites avec votre vin. Le personnel est tr\u00e8s attentionn\u00e9 et poli.<\/span><\/p>\n<h3><span class=\"ez-toc-section\" id=\"Toro_Puerto_Marina\"><\/span><b>Toro Puerto Marina<\/b><span class=\"ez-toc-section-end\"><\/span><\/h3>\n<p><span style=\"font-weight: 400;\">Dans la c\u00e9l\u00e8bre marina de Benalmadena, vous pouvez commander un d\u00e9licieux repas dans l\u2019atmosph\u00e8re exclusive de la marina. La sp\u00e9cialit\u00e9 de la maison est les plats typiquement espagnols, tels que nous corquetas, gambas al pilpil, etc.<\/span><\/p>\n<h2><span class=\"ez-toc-section\" id=\"i\"><\/span><b>\u00a0<\/b><span class=\"ez-toc-section-end\"><\/span><\/h2>\n<h2><span class=\"ez-toc-section\" id=\"Decouvrez_la_gastronomie_de_Benalmadena\"><\/span><b>D\u00e9couvrez la gastronomie de Benalmadena<\/b><span class=\"ez-toc-section-end\"><\/span><\/h2>\n<p><span style=\"font-weight: 400;\">Parce que dans la gastronomie de Benalm\u00e1dena, nous pouvons d\u00e9couvrir la nourriture caract\u00e9ristique de l&#8217;Andalousie. Mais il se concentre aussi sur les produits de la mer, comme son \u00abpesca\u00edto frito\u00bb (poisson frit), ses fruits de mer, ses plats de riz &#8230;<\/span><\/p>\n<p><span style=\"font-weight: 400;\">Ce sont des plats que plus d&#8217;un voudra essayer.<\/span><\/p>\n<p><span style=\"font-weight: 400;\">Tout d&#8217;abord, nous allons d\u00e9couvrir deux plats typiques uniquement de la r\u00e9gion de Benalm\u00e1dena:<\/span><\/p>\n<ul>\n<li style=\"font-weight: 400;\" aria-level=\"1\"><span style=\"font-weight: 400;\">lescocotte de cachorre\u00f1a<\/span><\/li>\n<li style=\"font-weight: 400;\" aria-level=\"1\"><span style=\"font-weight: 400;\">miettes de lait en<\/span><\/li>\n<\/ul>\n<p><span style=\"font-weight: 400;\">Vous pouvez les trouver dans certains restaurants de Benalm\u00e1dena.<\/span><\/p>\n<p><span style=\"font-weight: 400;\">Cependant, la gastronomie qui attire et est connue dans le monde entier est la cuisine andalouse de Malaga, et comme Benalm\u00e1dena est un site c\u00f4tier, la cuisine se concentre sur les fruits de mer.<\/span><\/p>\n<p>&nbsp;<\/p>\n<ul>\n<li style=\"font-weight: 400;\" aria-level=\"1\"><span style=\"font-weight: 400;\">En ce sens, ce qui triompheplus sont:<\/span><\/li>\n<li style=\"font-weight: 400;\" aria-level=\"1\"><span style=\"font-weight: 400;\">les brochettes de sardines<\/span><\/li>\n<li style=\"font-weight: 400;\" aria-level=\"1\"><span style=\"font-weight: 400;\">le \u00ab pesca\u00edto frito \u00bb (poisson frit)<\/span><\/li>\n<li style=\"font-weight: 400;\" aria-level=\"1\"><span style=\"font-weight: 400;\">seiches ouseiches<\/span><\/li>\n<li style=\"font-weight: 400;\" aria-level=\"1\"><span style=\"font-weight: 400;\">crevettes<\/span><\/li>\n<li style=\"font-weight: 400;\" aria-level=\"1\"><span style=\"font-weight: 400;\">Coquinas<\/span><\/li>\n<li style=\"font-weight: 400;\" aria-level=\"1\"><span style=\"font-weight: 400;\">palourdes<\/span><\/li>\n<li style=\"font-weight: 400;\" aria-level=\"1\"><span style=\"font-weight: 400;\">crevettes roses<\/span><\/li>\n<li style=\"font-weight: 400;\" aria-level=\"1\"><span style=\"font-weight: 400;\">de<\/span><\/li>\n<li style=\"font-weight: 400;\" aria-level=\"1\"><span style=\"font-weight: 400;\">officiers de police<\/span><\/li>\n<\/ul>\n<p><span style=\"font-weight: 400;\">et un nombre infini de produits qui ferontvotre eaula bouche.<\/span><\/p>\n<p><span style=\"font-weight: 400;\">Aussi, nous ne pouvons pas oublier le riz. Les amateurs de riz pourront savourer d&#8217;authentiques sp\u00e9cialit\u00e9s de paella:<\/span><\/p>\n<ul>\n<li style=\"font-weight: 400;\" aria-level=\"1\"><span style=\"font-weight: 400;\">fruits de mer<\/span><\/li>\n<li style=\"font-weight: 400;\" aria-level=\"1\"><span style=\"font-weight: 400;\">paella auxmixta<\/span><\/li>\n<li style=\"font-weight: 400;\" aria-level=\"1\"><span style=\"font-weight: 400;\">riz noir<\/span><\/li>\n<li style=\"font-weight: 400;\" aria-level=\"1\"><span style=\"font-weight: 400;\">au homard<\/span><\/li>\n<\/ul>\n<p><span style=\"font-weight: 400;\">et bien d&#8217;autres options, venant juste \u00e0 Benalm\u00e1dena.<\/span><\/p>\n<p><span style=\"font-weight: 400;\">Avant tout cela, vous devez profiter d&#8217;une bonne entr\u00e9e: salades, porra antequerana, gaspacho, ail blanc, jambon ib\u00e9rique ou salade malague\u00f1a.<\/span><\/p>\n<p><span style=\"font-weight: 400;\">En conclusion, nous pouvons dire que Benalm\u00e1dena offre une vari\u00e9t\u00e9 culinaire exquise dans ses restaurants qui doivent \u00eatre d\u00e9gust\u00e9es. Nous sommes s\u00fbrs que plus d&#8217;un a d\u00e9j\u00e0 une envie qu&#8217;il veut supprimer.<\/span><\/p>\n<p><span style=\"font-weight: 400;\">\u00a0<\/span><\/p>\n<h2><span class=\"ez-toc-section\" id=\"Monuments_qui_valent_la_peine_detre_visites_avec_votre_location_de_voiture_bon_marche_a_Benalmadena\"><\/span><b>Monuments qui valent la peine d&#8217;\u00eatre visit\u00e9s avec votre location de voiture bon march\u00e9 \u00e0 Benalmadena<\/b><span class=\"ez-toc-section-end\"><\/span><\/h2>\n<p><span style=\"font-weight: 400;\">Parcourons la ville avec votre location de voiture bon march\u00e9 \u00e0 Benalmadena et d\u00e9couvrons de beaux endroits \u00e0 visiter.<\/span><\/p>\n<h3><span class=\"ez-toc-section\" id=\"Chateau_de_Colomares\"><\/span><b>Ch\u00e2teau de Colomares<\/b><span class=\"ez-toc-section-end\"><\/span><\/h3>\n<p><span style=\"font-weight: 400;\">Bien qu&#8217;il ait la forme d&#8217;un ch\u00e2teau, c&#8217;est vraiment un monument d\u00e9di\u00e9 \u00e0 Christophe Colomb et \u00e0 l&#8217;arriv\u00e9e au Nouveau Monde, en hommage \u00e0 la d\u00e9couverte de l&#8217;Am\u00e9rique.<\/span><\/p>\n<p><span style=\"font-weight: 400;\">Situ\u00e9 \u00e0 Benalm\u00e1dena Pueblo, il a \u00e9t\u00e9 construit entre 1987 et 1994.<\/span><\/p>\n<p><span style=\"font-weight: 400;\">On y observe diff\u00e9rents styles architecturaux d\u00e9velopp\u00e9s avec la brique, le b\u00e9ton, la pierre naturelle ou le bois. \u00c0 l&#8217;int\u00e9rieur, il pr\u00e9sente des vitraux d&#8217;une grande beaut\u00e9.<\/span><\/p>\n<h3><span class=\"ez-toc-section\" id=\"Eglise_de_Saint-Domingue\"><\/span><b>\u00c9glise de Saint-Domingue<\/b><span class=\"ez-toc-section-end\"><\/span><\/h3>\n<p><span style=\"font-weight: 400;\">C&#8217;est la plus ancienne \u00e9glise de la municipalit\u00e9 de Benalm\u00e1dena et est situ\u00e9e \u00e0 Benalm\u00e1dena Pueblo, occupant la zone o\u00f9 la ville est n\u00e9e historiquement et dans un point de vue privil\u00e9gi\u00e9 avec vue sur une grande partie de la c\u00f4te.<\/span><\/p>\n<p><span style=\"font-weight: 400;\">Pour acc\u00e9der \u00e0 cette \u00e9glise, il y a deux options: traverser les zones pi\u00e9tonnes de Benalm\u00e1dena Pueblo ou prendre un ascenseur gratuit qui part du parking situ\u00e9 dans la zone d&#8217;El Chorrillo.<\/span><\/p>\n<h3><span class=\"ez-toc-section\" id=\"Stupa_des_Lumieres\"><\/span><b>Stupa des Lumi\u00e8res<\/b><span class=\"ez-toc-section-end\"><\/span><\/h3>\n<p><span style=\"font-weight: 400;\">Situ\u00e9 au sommet de Benalm\u00e1dena Pueblo, c&#8217;est le plus grand stupa bouddhiste du monde occidental.<\/span><\/p>\n<p><span style=\"font-weight: 400;\">Il est couronn\u00e9 par un c\u00f4ne dor\u00e9 qui peut \u00eatre vu de toute la bande c\u00f4ti\u00e8re qui relie Benalm\u00e1dena et Fuengirola.<\/span><\/p>\n<p><span style=\"font-weight: 400;\">C&#8217;est un monument bouddhiste pour la paix, la prosp\u00e9rit\u00e9 et l&#8217;harmonie du monde.<\/span><\/p>\n<h3><span class=\"ez-toc-section\" id=\"Centre_historique_de_Benalmadena_Pueblo\"><\/span><b>Centre historique de Benalm\u00e1dena Pueblo<\/b><span class=\"ez-toc-section-end\"><\/span><\/h3>\n<p><span style=\"font-weight: 400;\">Il est situ\u00e9 dans les montagnes, \u00e0 environ 300 m\u00e8tres d&#8217;altitude et est le centre urbain d&#8217;origine de Benalm\u00e1dena, qui conserve son ancienne structure de village andalou typique.<\/span><\/p>\n<p><span style=\"font-weight: 400;\">A cet endroit se trouvait \u00e0 l&#8217;origine un ch\u00e2teau et une forteresse qui abritaient les maisons de la ville et dont il reste quelques vestiges dans la r\u00e9gion d&#8217;El Muro.<\/span><\/p>\n<h3><span class=\"ez-toc-section\" id=\"La_fille_de_Benalmadena\"><\/span><b>La fille de Benalm\u00e1dena<\/b><span class=\"ez-toc-section-end\"><\/span><\/h3>\n<p><span style=\"font-weight: 400;\">C&#8217;est une sculpture en bronze con\u00e7ue par le sculpteur Jaime Pimentel qui est devenue le symbole de la municipalit\u00e9. Il fait partie de la source principale de la Plaza de Espa\u00f1a \u00e0 Benalm\u00e1dena Pueblo.<\/span><\/p>\n<h3><span class=\"ez-toc-section\" id=\"Chateau_de_Bil_Bil\"><\/span><b>Ch\u00e2teau de Bil Bil<\/b><span class=\"ez-toc-section-end\"><\/span><\/h3>\n<p><span style=\"font-weight: 400;\">C&#8217;est une construction de style arabe d\u00e9cor\u00e9e d&#8217;azulejos et de bas-reliefs de tradition nasride, entour\u00e9e de jardins dans lesquels se trouvent plusieurs sources d&#8217;inspiration musulmane.<\/span><\/p>\n<p><span style=\"font-weight: 400;\">Elle a \u00e9t\u00e9 construite au d\u00e9but du 20\u00e8me si\u00e8cle \u00e0 Benalm\u00e1dena Costa comme villa de campagne pour une famille ais\u00e9e et en 1980, la mairie l&#8217;a acquise en tant qu&#8217;installation culturelle qui accueille des expositions, des concerts et des conf\u00e9rences.<\/span><\/p>\n<p><span style=\"font-weight: 400;\">Un fait curieux est que c&#8217;est le b\u00e2timent public dans lequel sont c\u00e9l\u00e9br\u00e9s plus de mariages civils dans toute la province de Malaga.<\/span><\/p>\n<p>&nbsp;<\/p>\n<p><span style=\"font-weight: 400;\">\u00a0<\/span><\/p>\n<h2><span class=\"ez-toc-section\" id=\"Prenez_votre_voiture_de_location_pas_chere_a_Benalmadena_et_allez_manger_la_meilleure_nourriture\"><\/span><b>Prenez votre voiture de location pas ch\u00e8re \u00e0 Benalmadena et allez manger la meilleure nourriture!<\/b><span class=\"ez-toc-section-end\"><\/span><\/h2>\n<p><span style=\"font-weight: 400;\">La gastronomie de Benalm\u00e1dena est typiquement andalouse, mais centr\u00e9e sur les produits de la mer, son &#8220;poisson frit&#8221;, ses fruits de mer, ses plats de riz &#8230; Des plats d\u00e9licieux qui deviendront une excuse plus attrayante pour visiter Benalm\u00e1dena.<\/span><\/p>\n<p><span style=\"font-weight: 400;\">En premier lieu, nous commencerons par deux plats typiques uniquement de la r\u00e9gion de Benalm\u00e1dena; la casserole de cachorre\u00f1a et les miettes de lait.<\/span><\/p>\n<p><span style=\"font-weight: 400;\">Dans certains des restaurants les plus traditionnels de la ville, ainsi que dans certains des bars de votre vie, vous pouvez les trouver sans difficult\u00e9.<\/span><\/p>\n<p><span style=\"font-weight: 400;\">Cependant, la cuisine qui s\u00e9duit et qui est connue dans le monde entier est la cuisine malaga-andalouse, et comme Benalm\u00e1dena est un site essentiellement de plage, une cuisine \u00e0 base de fruits de mer.<\/span><\/p>\n<p><span style=\"font-weight: 400;\">Sardines, &#8220;pescaito&#8221; frits (chopitos, boquerones, chipirones, puntillitas, calamaritos), calamar ou seiche, crevettes, coquina, palourdes, crevettes, crevettes, carabineros, dorades, bar, rose et un long etc.<\/span><\/p>\n<p><span style=\"font-weight: 400;\">En outre, les amateurs de riz ont l&#8217;occasion d&#8217;essayer certaines des sp\u00e9cialit\u00e9s de l&#8217;un des meilleurs sp\u00e9cialistes de la Costa del Sol; paella aux fruits de mer, paella mixte, riz noir, riz au homard et bien d&#8217;autres options.<\/span><\/p>\n<p><span style=\"font-weight: 400;\">Nous ne pouvons pas oublier les entr\u00e9es: salades, porche antequerana, gaspacho, ail blanc, jambon ib\u00e9rique ou salade de Malaga.<\/span><\/p>\n<p><span style=\"font-weight: 400;\">En bref, pour la qualit\u00e9, la vari\u00e9t\u00e9 et la quantit\u00e9, vous n&#8217;aurez pas \u00e0 vous plaindre des d\u00e9lices culinaires que Benalm\u00e1dena peut offrir.<\/span><\/p>\n<p><span style=\"font-weight: 400;\">Les plats les plus caract\u00e9ristiques de la gastronomie de Benalm\u00e1dena et que vous ne pouvez pas arr\u00eater d&#8217;essayer lorsque vous visitez la municipalit\u00e9 sont les migas con leche, la broche de sardines, la casserole de cachorre\u00f1a et le poisson frit.<\/span><\/p>\n<p><span style=\"font-weight: 400;\">Vous les trouverez dans l&#8217;un des trois centres de population: Benalm\u00e1dena Pueblo, Benalm\u00e1dena Costa et Arroyo de la Miel.<\/span><\/p>\n<p><span style=\"font-weight: 400;\">Parmi les poissons frits, les plus typiques de cette ville c\u00f4ti\u00e8re sont les anchois, les chinchards et les rougets.<\/span><\/p>\n<h2><span class=\"ez-toc-section\" id=\"Souhaitez-vous_visiter_Benalmadena_a_Noel\"><\/span><b>Souhaitez-vous visiter Benalmadena \u00e0 No\u00ebl?<\/b><span class=\"ez-toc-section-end\"><\/span><\/h2>\n<p><span style=\"font-weight: 400;\">Benalm\u00e1dena<\/span><span style=\"font-weight: 400;\"> est une ville anim\u00e9e de la Costa del Sol, qui poss\u00e8de de nombreuses attractions int\u00e9ressantes pour passer un bon moment en vacances. Par exemplevous pouvez visiter Selwo Marina, le Mariposario, Tivoli World Theme Park, etc.<\/span><\/p>\n<p><span style=\"font-weight: 400;\">\u00a0<\/span><span style=\"font-weight: 400;\">Le climat \u00e0 Benalmadena<\/span><span style=\"font-weight: 400;\"> est fantastique en raison de son ensoleillement et de ses temp\u00e9ratures douces. Ainsi, vous pouvez sortir pour vous amuser en plein air presque tous les jours. De cette fa\u00e7on, vous pouvez \u00e9galement profiter de la plage m\u00eame \u00e0 No\u00ebl.<\/span><\/p>\n<p><span style=\"font-weight: 400;\">Puerto de Benalm\u00e1dena<\/span><span style=\"font-weight: 400;\"> est l&#8217;une des meilleures marina, qui poss\u00e8de \u00e0 la fois un quartier r\u00e9sidentiel et une zone de loisirs avec de nombreuses boutiques et restaurants internationaux.<\/span><\/p>\n<h2><span class=\"ez-toc-section\" id=\"Profitez-vous_de_votre_location_de_voiture_pas_chere_a_Benalmadena\"><\/span><b>Profitez-vous de votre location de voiture pas ch\u00e8re \u00e0 Benalmadena?<\/b><span class=\"ez-toc-section-end\"><\/span><\/h2>\n<p><span style=\"font-weight: 400;\">N&#8217;oubliez pas d&#8217;aller \u00e0 la plage avec votre voiture de location bon march\u00e9 \u00e0 Benalmadena. Vous aurez beaucoup de choix:<\/span><\/p>\n<ul>\n<li style=\"font-weight: 400;\" aria-level=\"1\"><b>Playa Arroyo de la <\/b><span style=\"font-weight: 400;\">miel<\/span><b>:<\/b><span style=\"font-weight: 400;\"> La plage Arroyo de la Miel, avec la plage de Bil Bil, est un quartier tr\u00e8s populaire, avec un haut niveau de services. Il est situ\u00e9 \u00e0 Arroyo de la Miel, Benalm\u00e1dena.<\/span><\/li>\n<li style=\"font-weight: 400;\" aria-level=\"1\"><b>Arroyo Hondo:<\/b><span style=\"font-weight: 400;\"> Arroyo Hondo est une plage avec un grand afflux de personnes, \u00e0 c\u00f4t\u00e9 de l&#8217;h\u00f4tel Costa Azul.<\/span><\/li>\n<li style=\"font-weight: 400;\" aria-level=\"1\"><b>Benalnatura:<\/b><span style=\"font-weight: 400;\"> Benalnatura est une petite plage situ\u00e9e au Levante de la plage de Las Viborillas, \u00e0 Benalm\u00e1dena. C&#8217;est l&#8217;une des rares plages nudistes de la c\u00f4te maltaise. Il est situ\u00e9 dans une petite crique entour\u00e9e d&#8217;une v\u00e9g\u00e9tation exub\u00e9rante.<\/span><\/li>\n<li style=\"font-weight: 400;\" aria-level=\"1\"><b>Bil Bil:<\/b><span style=\"font-weight: 400;\"> Bil Bil, avec la plage d&#8217;Arroyo de la Miel, est un quartier tr\u00e8s populaire.<\/span><\/li>\n<li style=\"font-weight: 400;\" aria-level=\"1\"><span style=\"font-weight: 400;\">Et beaucoup plus!!<\/span><\/li>\n<\/ul>\n<p><span style=\"font-weight: 400;\">Le trajet ne s&#8217;arr\u00eate pas l\u00e0, profitez de votre location de voiture bon march\u00e9 \u00e0 Benalmadena et parcourez la ville pour d\u00e9couvrir les secrets de cette ville.<\/span><\/p>\n<p><span style=\"font-weight: 400;\">Dites-nous ce que vous avez pens\u00e9 de la ville et si votre guide vous a \u00e9t\u00e9 utile ainsi que notre location de voiture. \ud83d\ude09<\/span><\/p>\n<p><span style=\"font-weight: 400;\">Profitez de vos vacances!<\/span><\/p>\n<p>&nbsp;<\/p>\n","protected":false},"excerpt":{"rendered":"<p>Si vous avez besoin d&#8217;une location de voiture pas ch\u00e8re Benalmadena, notre soci\u00e9t\u00e9 vous guidera vers les meilleures offres et voitures que nous avons. Pas besoin de chercher plus loin ou d&#8217;h\u00e9siter! &nbsp; Pourquoi r\u00e9server avec nous? Si vous vous demandez pourquoi r\u00e9server avec Bahia Sexi Rent a car: cliquez sur ce lien et vous&#8230;<\/p>\n","protected":false},"author":9,"featured_media":20303,"comment_status":"closed","ping_status":"closed","sticky":false,"template":"","format":"standard","meta":{"footnotes":""},"categories":[32],"tags":[],"class_list":["post-20302","post","type-post","status-publish","format-standard","has-post-thumbnail","hentry","category-non-classifiee"],"yoast_head":"<!-- This site is optimized with the Yoast SEO Premium plugin v27.3 (Yoast SEO v27.3) - https:\/\/yoast.com\/product\/yoast-seo-premium-wordpress\/ -->\n<title>Location de Voiture pas ch\u00e8re Benalmadena Bahia Sexi | Que faire<\/title>\n<meta name=\"description\" content=\"Si vous recherchez une location de voiture pas ch\u00e8re \u00e0 Benalmadena, c&#039;est le service que vous devez conna\u00eetre, nous vous informerons \u00e9galement sur la ville!\" \/>\n<meta name=\"robots\" content=\"index, follow, max-snippet:-1, max-image-preview:large, max-video-preview:-1\" \/>\n<link rel=\"canonical\" href=\"https:\/\/bahiasexirentacar.com\/fr\/location-de-voiture-pas-chere-benalmadena\/\" \/>\n<meta property=\"og:locale\" content=\"fr_FR\" \/>\n<meta property=\"og:type\" content=\"article\" \/>\n<meta property=\"og:title\" content=\"Location de Voiture pas ch\u00e8re Benalmadena Bahia Sexi | Que faire \u00e0 Benalmadena\" \/>\n<meta property=\"og:description\" content=\"Si vous recherchez une location de voiture pas ch\u00e8re \u00e0 Benalmadena, c&#039;est le service que vous devez conna\u00eetre, nous vous informerons \u00e9galement sur la ville!\" \/>\n<meta property=\"og:url\" content=\"https:\/\/bahiasexirentacar.com\/fr\/location-de-voiture-pas-chere-benalmadena\/\" \/>\n<meta property=\"og:site_name\" content=\"Bahia Sexi Rent a Car\" \/>\n<meta property=\"article:publisher\" content=\"https:\/\/www.facebook.com\/bahiasexi\" \/>\n<meta property=\"article:published_time\" content=\"2018-12-28T09:17:22+00:00\" \/>\n<meta property=\"article:modified_time\" content=\"2025-08-14T19:49:17+00:00\" \/>\n<meta name=\"author\" content=\"Laura Rodr\u00edguez\" \/>\n<meta name=\"twitter:card\" content=\"summary_large_image\" \/>\n<meta name=\"twitter:label1\" content=\"\u00c9crit par\" \/>\n\t<meta name=\"twitter:data1\" content=\"Laura Rodr\u00edguez\" \/>\n\t<meta name=\"twitter:label2\" content=\"Dur\u00e9e de lecture estim\u00e9e\" \/>\n\t<meta name=\"twitter:data2\" content=\"13 minutes\" \/>\n<script type=\"application\/ld+json\" class=\"yoast-schema-graph\">{\"@context\":\"https:\\\/\\\/schema.org\",\"@graph\":[{\"@type\":[\"Article\",\"BlogPosting\"],\"@id\":\"https:\\\/\\\/bahiasexirentacar.com\\\/fr\\\/location-de-voiture-pas-chere-benalmadena\\\/#article\",\"isPartOf\":{\"@id\":\"https:\\\/\\\/bahiasexirentacar.com\\\/fr\\\/location-de-voiture-pas-chere-benalmadena\\\/\"},\"author\":{\"name\":\"Laura Rodr\u00edguez\",\"@id\":\"https:\\\/\\\/bahiasexirentacar.com\\\/fr\\\/#\\\/schema\\\/person\\\/64fabdc74607552da9ede8736baf3704\"},\"headline\":\"Location de Voiture pas ch\u00e8re Benalmadena Bahia Sexi | Que faire \u00e0 Benalmadena\",\"datePublished\":\"2018-12-28T09:17:22+00:00\",\"dateModified\":\"2025-08-14T19:49:17+00:00\",\"mainEntityOfPage\":{\"@id\":\"https:\\\/\\\/bahiasexirentacar.com\\\/fr\\\/location-de-voiture-pas-chere-benalmadena\\\/\"},\"wordCount\":2987,\"publisher\":{\"@id\":\"https:\\\/\\\/bahiasexirentacar.com\\\/fr\\\/#organization\"},\"image\":{\"@id\":\"https:\\\/\\\/bahiasexirentacar.com\\\/fr\\\/location-de-voiture-pas-chere-benalmadena\\\/#primaryimage\"},\"thumbnailUrl\":\"\",\"articleSection\":[\"Non classifi\u00e9(e)\"],\"inLanguage\":\"fr-FR\"},{\"@type\":[\"WebPage\",\"ItemPage\"],\"@id\":\"https:\\\/\\\/bahiasexirentacar.com\\\/fr\\\/location-de-voiture-pas-chere-benalmadena\\\/\",\"url\":\"https:\\\/\\\/bahiasexirentacar.com\\\/fr\\\/location-de-voiture-pas-chere-benalmadena\\\/\",\"name\":\"Location de Voiture pas ch\u00e8re Benalmadena Bahia Sexi | Que faire\",\"isPartOf\":{\"@id\":\"https:\\\/\\\/bahiasexirentacar.com\\\/fr\\\/#website\"},\"primaryImageOfPage\":{\"@id\":\"https:\\\/\\\/bahiasexirentacar.com\\\/fr\\\/location-de-voiture-pas-chere-benalmadena\\\/#primaryimage\"},\"image\":{\"@id\":\"https:\\\/\\\/bahiasexirentacar.com\\\/fr\\\/location-de-voiture-pas-chere-benalmadena\\\/#primaryimage\"},\"thumbnailUrl\":\"\",\"datePublished\":\"2018-12-28T09:17:22+00:00\",\"dateModified\":\"2025-08-14T19:49:17+00:00\",\"description\":\"Si vous recherchez une location de voiture pas ch\u00e8re \u00e0 Benalmadena, c'est le service que vous devez conna\u00eetre, nous vous informerons \u00e9galement sur la ville!\",\"breadcrumb\":{\"@id\":\"https:\\\/\\\/bahiasexirentacar.com\\\/fr\\\/location-de-voiture-pas-chere-benalmadena\\\/#breadcrumb\"},\"inLanguage\":\"fr-FR\",\"potentialAction\":[{\"@type\":\"ReadAction\",\"target\":[\"https:\\\/\\\/bahiasexirentacar.com\\\/fr\\\/location-de-voiture-pas-chere-benalmadena\\\/\"]}]},{\"@type\":\"ImageObject\",\"inLanguage\":\"fr-FR\",\"@id\":\"https:\\\/\\\/bahiasexirentacar.com\\\/fr\\\/location-de-voiture-pas-chere-benalmadena\\\/#primaryimage\",\"url\":\"\",\"contentUrl\":\"\"},{\"@type\":\"BreadcrumbList\",\"@id\":\"https:\\\/\\\/bahiasexirentacar.com\\\/fr\\\/location-de-voiture-pas-chere-benalmadena\\\/#breadcrumb\",\"itemListElement\":[{\"@type\":\"ListItem\",\"position\":1,\"name\":\"Home\",\"item\":\"https:\\\/\\\/bahiasexirentacar.com\\\/fr\\\/\"},{\"@type\":\"ListItem\",\"position\":2,\"name\":\"Non classifi\u00e9(e)\",\"item\":\"https:\\\/\\\/bahiasexirentacar.com\\\/fr\\\/category\\\/non-classifiee\\\/\"},{\"@type\":\"ListItem\",\"position\":3,\"name\":\"Location de Voiture pas ch\u00e8re Benalmadena Bahia Sexi | Que faire \u00e0 Benalmadena\"}]},{\"@type\":\"WebSite\",\"@id\":\"https:\\\/\\\/bahiasexirentacar.com\\\/fr\\\/#website\",\"url\":\"https:\\\/\\\/bahiasexirentacar.com\\\/fr\\\/\",\"name\":\"Bahia Sexi Rent a Car\",\"description\":\"Car rental at Malaga Airport\",\"publisher\":{\"@id\":\"https:\\\/\\\/bahiasexirentacar.com\\\/fr\\\/#organization\"},\"potentialAction\":[{\"@type\":\"SearchAction\",\"target\":{\"@type\":\"EntryPoint\",\"urlTemplate\":\"https:\\\/\\\/bahiasexirentacar.com\\\/fr\\\/?s={search_term_string}\"},\"query-input\":{\"@type\":\"PropertyValueSpecification\",\"valueRequired\":true,\"valueName\":\"search_term_string\"}}],\"inLanguage\":\"fr-FR\"},{\"@type\":\"Organization\",\"@id\":\"https:\\\/\\\/bahiasexirentacar.com\\\/fr\\\/#organization\",\"name\":\"Bahia Sexi Rent a Car\",\"url\":\"https:\\\/\\\/bahiasexirentacar.com\\\/fr\\\/\",\"logo\":{\"@type\":\"ImageObject\",\"inLanguage\":\"fr-FR\",\"@id\":\"https:\\\/\\\/bahiasexirentacar.com\\\/fr\\\/#\\\/schema\\\/logo\\\/image\\\/\",\"url\":\"https:\\\/\\\/bahiasexirentacar.com\\\/wp-content\\\/uploads\\\/2024\\\/11\\\/cropped-Icono-sitio-web.jpg\",\"contentUrl\":\"https:\\\/\\\/bahiasexirentacar.com\\\/wp-content\\\/uploads\\\/2024\\\/11\\\/cropped-Icono-sitio-web.jpg\",\"width\":512,\"height\":512,\"caption\":\"Bahia Sexi Rent a Car\"},\"image\":{\"@id\":\"https:\\\/\\\/bahiasexirentacar.com\\\/fr\\\/#\\\/schema\\\/logo\\\/image\\\/\"},\"sameAs\":[\"https:\\\/\\\/www.facebook.com\\\/bahiasexi\"]},{\"@type\":\"Person\",\"@id\":\"https:\\\/\\\/bahiasexirentacar.com\\\/fr\\\/#\\\/schema\\\/person\\\/64fabdc74607552da9ede8736baf3704\",\"name\":\"Laura Rodr\u00edguez\",\"image\":{\"@type\":\"ImageObject\",\"inLanguage\":\"fr-FR\",\"@id\":\"https:\\\/\\\/secure.gravatar.com\\\/avatar\\\/87967e69b46baa8deb98f90585854c12aba67cb0c70970f1da219b1b30cacb8d?s=96&d=mm&r=g\",\"url\":\"https:\\\/\\\/secure.gravatar.com\\\/avatar\\\/87967e69b46baa8deb98f90585854c12aba67cb0c70970f1da219b1b30cacb8d?s=96&d=mm&r=g\",\"contentUrl\":\"https:\\\/\\\/secure.gravatar.com\\\/avatar\\\/87967e69b46baa8deb98f90585854c12aba67cb0c70970f1da219b1b30cacb8d?s=96&d=mm&r=g\",\"caption\":\"Laura Rodr\u00edguez\"}}]}<\/script>\n<!-- \/ Yoast SEO Premium plugin. -->","yoast_head_json":{"title":"Location de Voiture pas ch\u00e8re Benalmadena Bahia Sexi | Que faire","description":"Si vous recherchez une location de voiture pas ch\u00e8re \u00e0 Benalmadena, c'est le service que vous devez conna\u00eetre, nous vous informerons \u00e9galement sur la ville!","robots":{"index":"index","follow":"follow","max-snippet":"max-snippet:-1","max-image-preview":"max-image-preview:large","max-video-preview":"max-video-preview:-1"},"canonical":"https:\/\/bahiasexirentacar.com\/fr\/location-de-voiture-pas-chere-benalmadena\/","og_locale":"fr_FR","og_type":"article","og_title":"Location de Voiture pas ch\u00e8re Benalmadena Bahia Sexi | Que faire \u00e0 Benalmadena","og_description":"Si vous recherchez une location de voiture pas ch\u00e8re \u00e0 Benalmadena, c'est le service que vous devez conna\u00eetre, nous vous informerons \u00e9galement sur la ville!","og_url":"https:\/\/bahiasexirentacar.com\/fr\/location-de-voiture-pas-chere-benalmadena\/","og_site_name":"Bahia Sexi Rent a Car","article_publisher":"https:\/\/www.facebook.com\/bahiasexi","article_published_time":"2018-12-28T09:17:22+00:00","article_modified_time":"2025-08-14T19:49:17+00:00","author":"Laura Rodr\u00edguez","twitter_card":"summary_large_image","twitter_misc":{"\u00c9crit par":"Laura Rodr\u00edguez","Dur\u00e9e de lecture estim\u00e9e":"13 minutes"},"schema":{"@context":"https:\/\/schema.org","@graph":[{"@type":["Article","BlogPosting"],"@id":"https:\/\/bahiasexirentacar.com\/fr\/location-de-voiture-pas-chere-benalmadena\/#article","isPartOf":{"@id":"https:\/\/bahiasexirentacar.com\/fr\/location-de-voiture-pas-chere-benalmadena\/"},"author":{"name":"Laura Rodr\u00edguez","@id":"https:\/\/bahiasexirentacar.com\/fr\/#\/schema\/person\/64fabdc74607552da9ede8736baf3704"},"headline":"Location de Voiture pas ch\u00e8re Benalmadena Bahia Sexi | Que faire \u00e0 Benalmadena","datePublished":"2018-12-28T09:17:22+00:00","dateModified":"2025-08-14T19:49:17+00:00","mainEntityOfPage":{"@id":"https:\/\/bahiasexirentacar.com\/fr\/location-de-voiture-pas-chere-benalmadena\/"},"wordCount":2987,"publisher":{"@id":"https:\/\/bahiasexirentacar.com\/fr\/#organization"},"image":{"@id":"https:\/\/bahiasexirentacar.com\/fr\/location-de-voiture-pas-chere-benalmadena\/#primaryimage"},"thumbnailUrl":"","articleSection":["Non classifi\u00e9(e)"],"inLanguage":"fr-FR"},{"@type":["WebPage","ItemPage"],"@id":"https:\/\/bahiasexirentacar.com\/fr\/location-de-voiture-pas-chere-benalmadena\/","url":"https:\/\/bahiasexirentacar.com\/fr\/location-de-voiture-pas-chere-benalmadena\/","name":"Location de Voiture pas ch\u00e8re Benalmadena Bahia Sexi | Que faire","isPartOf":{"@id":"https:\/\/bahiasexirentacar.com\/fr\/#website"},"primaryImageOfPage":{"@id":"https:\/\/bahiasexirentacar.com\/fr\/location-de-voiture-pas-chere-benalmadena\/#primaryimage"},"image":{"@id":"https:\/\/bahiasexirentacar.com\/fr\/location-de-voiture-pas-chere-benalmadena\/#primaryimage"},"thumbnailUrl":"","datePublished":"2018-12-28T09:17:22+00:00","dateModified":"2025-08-14T19:49:17+00:00","description":"Si vous recherchez une location de voiture pas ch\u00e8re \u00e0 Benalmadena, c'est le service que vous devez conna\u00eetre, nous vous informerons \u00e9galement sur la ville!","breadcrumb":{"@id":"https:\/\/bahiasexirentacar.com\/fr\/location-de-voiture-pas-chere-benalmadena\/#breadcrumb"},"inLanguage":"fr-FR","potentialAction":[{"@type":"ReadAction","target":["https:\/\/bahiasexirentacar.com\/fr\/location-de-voiture-pas-chere-benalmadena\/"]}]},{"@type":"ImageObject","inLanguage":"fr-FR","@id":"https:\/\/bahiasexirentacar.com\/fr\/location-de-voiture-pas-chere-benalmadena\/#primaryimage","url":"","contentUrl":""},{"@type":"BreadcrumbList","@id":"https:\/\/bahiasexirentacar.com\/fr\/location-de-voiture-pas-chere-benalmadena\/#breadcrumb","itemListElement":[{"@type":"ListItem","position":1,"name":"Home","item":"https:\/\/bahiasexirentacar.com\/fr\/"},{"@type":"ListItem","position":2,"name":"Non classifi\u00e9(e)","item":"https:\/\/bahiasexirentacar.com\/fr\/category\/non-classifiee\/"},{"@type":"ListItem","position":3,"name":"Location de Voiture pas ch\u00e8re Benalmadena Bahia Sexi | Que faire \u00e0 Benalmadena"}]},{"@type":"WebSite","@id":"https:\/\/bahiasexirentacar.com\/fr\/#website","url":"https:\/\/bahiasexirentacar.com\/fr\/","name":"Bahia Sexi Rent a Car","description":"Car rental at Malaga Airport","publisher":{"@id":"https:\/\/bahiasexirentacar.com\/fr\/#organization"},"potentialAction":[{"@type":"SearchAction","target":{"@type":"EntryPoint","urlTemplate":"https:\/\/bahiasexirentacar.com\/fr\/?s={search_term_string}"},"query-input":{"@type":"PropertyValueSpecification","valueRequired":true,"valueName":"search_term_string"}}],"inLanguage":"fr-FR"},{"@type":"Organization","@id":"https:\/\/bahiasexirentacar.com\/fr\/#organization","name":"Bahia Sexi Rent a Car","url":"https:\/\/bahiasexirentacar.com\/fr\/","logo":{"@type":"ImageObject","inLanguage":"fr-FR","@id":"https:\/\/bahiasexirentacar.com\/fr\/#\/schema\/logo\/image\/","url":"https:\/\/bahiasexirentacar.com\/wp-content\/uploads\/2024\/11\/cropped-Icono-sitio-web.jpg","contentUrl":"https:\/\/bahiasexirentacar.com\/wp-content\/uploads\/2024\/11\/cropped-Icono-sitio-web.jpg","width":512,"height":512,"caption":"Bahia Sexi Rent a Car"},"image":{"@id":"https:\/\/bahiasexirentacar.com\/fr\/#\/schema\/logo\/image\/"},"sameAs":["https:\/\/www.facebook.com\/bahiasexi"]},{"@type":"Person","@id":"https:\/\/bahiasexirentacar.com\/fr\/#\/schema\/person\/64fabdc74607552da9ede8736baf3704","name":"Laura Rodr\u00edguez","image":{"@type":"ImageObject","inLanguage":"fr-FR","@id":"https:\/\/secure.gravatar.com\/avatar\/87967e69b46baa8deb98f90585854c12aba67cb0c70970f1da219b1b30cacb8d?s=96&d=mm&r=g","url":"https:\/\/secure.gravatar.com\/avatar\/87967e69b46baa8deb98f90585854c12aba67cb0c70970f1da219b1b30cacb8d?s=96&d=mm&r=g","contentUrl":"https:\/\/secure.gravatar.com\/avatar\/87967e69b46baa8deb98f90585854c12aba67cb0c70970f1da219b1b30cacb8d?s=96&d=mm&r=g","caption":"Laura Rodr\u00edguez"}}]}},"_links":{"self":[{"href":"https:\/\/bahiasexirentacar.com\/fr\/wp-json\/wp\/v2\/posts\/20302","targetHints":{"allow":["GET"]}}],"collection":[{"href":"https:\/\/bahiasexirentacar.com\/fr\/wp-json\/wp\/v2\/posts"}],"about":[{"href":"https:\/\/bahiasexirentacar.com\/fr\/wp-json\/wp\/v2\/types\/post"}],"author":[{"embeddable":true,"href":"https:\/\/bahiasexirentacar.com\/fr\/wp-json\/wp\/v2\/users\/9"}],"replies":[{"embeddable":true,"href":"https:\/\/bahiasexirentacar.com\/fr\/wp-json\/wp\/v2\/comments?post=20302"}],"version-history":[{"count":5,"href":"https:\/\/bahiasexirentacar.com\/fr\/wp-json\/wp\/v2\/posts\/20302\/revisions"}],"predecessor-version":[{"id":1944318,"href":"https:\/\/bahiasexirentacar.com\/fr\/wp-json\/wp\/v2\/posts\/20302\/revisions\/1944318"}],"wp:featuredmedia":[{"embeddable":true,"href":"https:\/\/bahiasexirentacar.com\/fr\/wp-json\/"}],"wp:attachment":[{"href":"https:\/\/bahiasexirentacar.com\/fr\/wp-json\/wp\/v2\/media?parent=20302"}],"wp:term":[{"taxonomy":"category","embeddable":true,"href":"https:\/\/bahiasexirentacar.com\/fr\/wp-json\/wp\/v2\/categories?post=20302"},{"taxonomy":"post_tag","embeddable":true,"href":"https:\/\/bahiasexirentacar.com\/fr\/wp-json\/wp\/v2\/tags?post=20302"}],"curies":[{"name":"wp","href":"https:\/\/api.w.org\/{rel}","templated":true}]}}