{"id":21558,"date":"2019-01-15T10:55:15","date_gmt":"2019-01-15T09:55:15","guid":{"rendered":"https:\/\/bahiasexirentacar.com\/?p=21558"},"modified":"2020-12-28T10:19:37","modified_gmt":"2020-12-28T10:19:37","slug":"location-de-voiture-pas-chere-a-manilva","status":"publish","type":"post","link":"https:\/\/bahiasexirentacar.com\/fr\/location-de-voiture-pas-chere-a-manilva\/","title":{"rendered":"Prenez votre location de voiture pas ch\u00e8re \u00e0 Manilva pour Casares et Sabinillas!"},"content":{"rendered":"<p><span style=\"font-weight: 400;\">Partir en vacances l&#8217;esprit pr\u00eat est un pas en avant pour tirer le meilleur parti de votre temps.<\/span><\/p>\n<p><span style=\"font-weight: 400;\">Par cons\u00e9quent, pour tirer le meilleur parti de votre location de voiture pas ch\u00e8re \u00e0 Manilva, ce sera tr\u00e8s utile et vous permettra \u00e9galement de profiter de chaque \u00e9tape avec une satisfaction totale.<\/span><\/p>\n<h2><b>Que pouvez-vous trouver avec votre location de voiture \u00e0 Manilva?<\/b><\/h2>\n<p><span style=\"font-weight: 400;\">Si vous voulez des informations compl\u00e8tes sur Manilva, vous devriez lire notre article sur<\/span><a href=\"https:\/\/bahiasexirentacar.com\/cheap-car-hire-in-puerto-de-la-duquesa\/\"> <span style=\"font-weight: 400;\">Puerto de la Duquesa<\/span><\/a><span style=\"font-weight: 400;\">, o\u00f9 vous pouvez trouver tous les secrets de cette ville et de ce port.<\/span><\/p>\n<p><span style=\"font-weight: 400;\">Superficie: 35,30 kilom\u00e8tres carr\u00e9s<\/span><\/p>\n<p><span style=\"font-weight: 400;\">Population: 13 258 habitants<\/span><\/p>\n<p><span style=\"font-weight: 400;\">: Manilve\u00f1os<\/span><\/p>\n<p><span style=\"font-weight: 400;\">Monuments: ch\u00e2teau de la Duquesa ou fort de Sabinillas, \u00e9glise Santa Ana et tours de Chullera.<\/span><\/p>\n<p><span style=\"font-weight: 400;\">Situation g\u00e9ographique: c&#8217;est la municipalit\u00e9 la plus \u00e0 l&#8217;ouest de la Costa del Sol et donc la fronti\u00e8re avec la province de Cadix.<\/span><\/p>\n<p><span style=\"font-weight: 400;\">Il est \u00e0 97 kilom\u00e8tres de la capitale Malaga et \u00e0 35 kilom\u00e8tres de Gibraltar. La moyenne annuelle des pr\u00e9cipitations dans la r\u00e9gion est de 750 litres par m\u00e8tre carr\u00e9 et la temp\u00e9rature moyenne est de 17 \u00b0 C.<\/span><\/p>\n<p><span style=\"font-weight: 400;\">Il est conseill\u00e9 de visiter le monument le plus remarquable pour sa valeur historique et artistique dans cette commune qui est le ch\u00e2teau de la duchesse ou Fort\u00edn de Sabinillas. , construit sur le site qui a d\u00fb occuper la villa romaine susmentionn\u00e9e.<\/span><\/p>\n<p><span style=\"font-weight: 400;\">De par son emplacement, vous pouvez voir une grande partie de la c\u00f4te. C&#8217;est pourquoi il a \u00e9t\u00e9 construit en 1767 afin de prot\u00e9ger la r\u00e9gion des incursions continues de pirates.<\/span><\/p>\n<p><span style=\"font-weight: 400;\">La construction a \u00e9t\u00e9 r\u00e9alis\u00e9e par un habitant de S\u00e9ville, Francisco Paulino, pay\u00e9 par le roi pour commander une compagnie de cavalerie.<\/span><\/p>\n<p><span style=\"font-weight: 400;\">La conception et l&#8217;ex\u00e9cution des travaux ont \u00e9t\u00e9 r\u00e9alis\u00e9es par l&#8217;ing\u00e9nieur Miguel del Castillo.<\/span><\/p>\n<p><span style=\"font-weight: 400;\">Un autre monument \u00e0 visiter est l&#8217;\u00e9glise actuelle de Santa Ana, qui a \u00e9t\u00e9 construite au 18\u00e8me si\u00e8cle au sommet d&#8217;un temple plus ancien et plus ancien datant de la fin du 16\u00e8me si\u00e8cle.<\/span><\/p>\n<p><span style=\"font-weight: 400;\">Le b\u00e2timent actuel date du milieu du 18\u00e8me si\u00e8cle.<\/span><\/p>\n<p><span style=\"font-weight: 400;\">L&#8217;\u00e9glise mesure 36 m\u00e8tres de long sur 20 m\u00e8tres de large et a une hauteur de m\u00e8tres. Elle a \u00e9t\u00e9 r\u00e9nov\u00e9e au milieu du XIXe si\u00e8cle.<\/span><\/p>\n<p><span style=\"font-weight: 400;\">Les tours de Chullera appartiennent au type de construction destin\u00e9 \u00e0 la surveillance de la zone c\u00f4ti\u00e8re.<\/span><\/p>\n<p><span style=\"font-weight: 400;\">L&#8217;un est de la p\u00e9riode nasride et l&#8217;autre est un peu plus moderne.<\/span><\/p>\n<h3><b>Apprenez \u00e9galement plus sur Casares<\/b><\/h3>\n<p><span style=\"font-weight: 400;\">La ville de Casares est situ\u00e9e entre la Serran\u00eda de Ronda et la Costa del Sol, est l\u2019un des villages andalous situ\u00e9 sur la montagne.<\/span><\/p>\n<p><span style=\"font-weight: 400;\">La municipalit\u00e9 s&#8217;\u00e9tend entre la Costa del Sol, \u00e0 laquelle elle appartient, la Serran\u00eda de Ronda et le Campo de Gibraltar, de sorte que la r\u00e9gion poss\u00e8de une vari\u00e9t\u00e9 de paysages qui pr\u00e9sentent des caract\u00e9ristiques propres \u00e0 chacune de ces r\u00e9gions, m\u00eame si elle pr\u00e9sente davantage de caract\u00e9ristiques montagneuses. terrain.<\/span><\/p>\n<p><span style=\"font-weight: 400;\">Casares est une commune qui s&#8217;ouvre sur la mer et profite de deux kilom\u00e8tres de plage. Elle fait partie de l&#8217;offre touristique des villes de la Costa del Sol.<\/span><\/p>\n<p><span style=\"font-weight: 400;\">La municipalit\u00e9 a des caract\u00e9ristiques urbaines d\u2019origine arabe, une grande beaut\u00e9 et la preuve en est qu\u2019elle est d\u00e9clar\u00e9e site historique et artistique depuis 1978.<\/span><\/p>\n<p><span style=\"font-weight: 400;\">Casares jouit d\u2019une position exceptionnelle qui lui permet d\u2019avoir des espaces naturels uniques, dont l\u2019orographie est li\u00e9e. \u00e0 la Serrania de Ronda.<\/span><\/p>\n<p><span style=\"font-weight: 400;\">Dans la municipalit\u00e9 de Casares, nous trouvons la Sierra Bermeja, un parc naturel prot\u00e9g\u00e9, o\u00f9 vous pourrez voir des vautours fauves ou les sapins espagnols verts et magnifiques de cet environnement \u00e9cologique.<\/span><\/p>\n<p><span style=\"font-weight: 400;\">La pr\u00e9sence romaine est attest\u00e9e par les vestiges d\u00e9couverts dans le Cortijo de Alechipe, qui auraient appartenu \u00e0 la ville romaine de Lacipo.<\/span><\/p>\n<p><span style=\"font-weight: 400;\">En l&#8217;an 61 av. J.-C., Jules C\u00e9sar \u00e9tait \u00e0 Casares, pr\u00e9teur en Espagne, et la tradition veut que, dans les bains sulfureux et magn\u00e9to-alcalins de l&#8217;Hedionda et du Duc, il ait \u00e9t\u00e9 gu\u00e9ri de son \u00e9tat h\u00e9patique.<\/span><\/p>\n<p><span style=\"font-weight: 400;\">Mais le centre urbain actuel doit son origine \u00e0 la culture arabe. \u00c0 l&#8217;\u00e9poque, il s&#8217;agissait d&#8217;une ville fortifi\u00e9e avec deux portes, l&#8217;une sur la Calle Villa, o\u00f9 sont conserv\u00e9s des vestiges, et l&#8217;autre sur la Calle Arrabal.<\/span><\/p>\n<p><span style=\"font-weight: 400;\">La marque musulmane reste dans le cadre du village, avec des rues \u00e0 saveur arabe telles que Callej\u00f3n del Rey, Calle Villa et les rues de Calle Arrabal, ainsi que dans la toponymie: Benamorabe, La Alquer\u00eda, Cerro del Moro ou Alm\u00e1char.<\/span><\/p>\n<p><span style=\"font-weight: 400;\">Pour certains historiens, Casares est d\u00e9riv\u00e9 de &#8220;Caxara&#8221;, une forteresse en arabe, alors que pour d&#8217;autres, il tire son origine du nom de &#8220;C\u00e9sar&#8221; (C\u00e9sar, dirigeant romain politique et militaire).<\/span><\/p>\n<p><span style=\"font-weight: 400;\">Les ruines de la forteresse sont encore pr\u00e9serv\u00e9es de la p\u00e9riode musulmane. Les ruines appartenant \u00e0 un ch\u00e2teau arabe datant du XIIIe si\u00e8cle et quelques vestiges de l&#8217;ancienne muraille qui entourait la ville sont \u00e9galement pr\u00e9serv\u00e9s.<\/span><\/p>\n<h2><b>Prenez votre voiture de location \u00e0 Manilva et allez manger la meilleure nourriture!<\/b><\/h2>\n<p><span style=\"font-weight: 400;\">La gastronomie de Manilva est bas\u00e9e sur un r\u00e9gime m\u00e9diterran\u00e9en vari\u00e9, o\u00f9 l\u2019huile d\u2019olive est l\u2019ingr\u00e9dient principal.<\/span><\/p>\n<p><span style=\"font-weight: 400;\">Les plats typiques sont pr\u00e9par\u00e9s avec des produits locaux comme les raisins, les raisins secs, le fromage de ch\u00e8vre, le miel, les raisins, etc.<\/span><\/p>\n<p><span style=\"font-weight: 400;\">Comme il s&#8217;agit d&#8217;une zone de p\u00eache, \u00e0 l&#8217;instar des villages environnants, ses sp\u00e9cialit\u00e9s culinaires sont bas\u00e9es sur des plats compos\u00e9s principalement de poisson frais et fruits de mer.<\/span><\/p>\n<p><span style=\"font-weight: 400;\">La dorade, le rouget, le m\u00e9rou et le thon, pr\u00e9par\u00e9s de diff\u00e9rentes mani\u00e8res, sont les plats les plus utilis\u00e9s en gastronomie, mais les plus populaires sont les sardines au four.<\/span><\/p>\n<p><span style=\"font-weight: 400;\">Les soupes d&#8217;asperges, les soupes de tomates, les soupes de palourdes et les rago\u00fbts de seiche, les soupes aux citrouilles aux \u00e9pinards ou aux blettes et le poulpe salmorejo font partie de la gastronomie de la municipalit\u00e9.<\/span><\/p>\n<p><span style=\"font-weight: 400;\">La grande qualit\u00e9 des vins de Muscat produits sur son territoire est \u00e9galement remarquable.<\/span><\/p>\n<h3><b>Et &#8230; Qu&#8217;en est-il de la nourriture \u00e0 Casares?<\/b><\/h3>\n<p><span style=\"font-weight: 400;\">La cuisine de Casar est tr\u00e8s riche et vari\u00e9e, et deux types de gastronomie se distinguent, celui de la montagne et celui de la plage.<\/span><\/p>\n<p><span style=\"font-weight: 400;\">Ses rago\u00fbts savoureux se distinguent par le \u00abprintemps\u00bb et le rago\u00fbt de bouillon avec les pois chiches, la viande de boucherie et le bacon, un alevin de ch\u00e8vre, du boudin noir, un gaspacho cacere\u00f1o, soulignent les fromages Sierra Cretellina, fabriqu\u00e9s avec du lait de ch\u00e8vre de fa\u00e7on artisanale et du pain cuit \u00e0 la c four \u00e0 bois.<\/span><\/p>\n<p><span style=\"font-weight: 400;\">Dans la cuisine de la r\u00e9gion c\u00f4ti\u00e8re, on distingue le poisson frit, le gaspacho. Mais le plat principal est la soi-disant &#8216;sardine moruna&#8217;.<\/span><\/p>\n<p><span style=\"font-weight: 400;\">En confiserie, on peut citer les g\u00e2teaux frits ou les c\u00e9l\u00e8bres g\u00e2teaux \u00e9ponge faits maison, qui peuvent \u00eatre servis avec du miel ou du chocolat.<\/span><\/p>\n<h2><b>Vous profitez de votre location de voiture pas ch\u00e8re \u00e0 Manilva?<\/b><\/h2>\n<p><span style=\"font-weight: 400;\">La balade ne s&#8217;arr\u00eate pas l\u00e0, profitez de votre location de voiture pas ch\u00e8re \u00e0 Manilva et parcourez la ville \u00e0 la d\u00e9couverte des secrets que cette ville a \u00e0 l&#8217;int\u00e9rieur.<\/span><\/p>\n<p><span style=\"font-weight: 400;\">Dites-nous ce que vous avez pens\u00e9 de la ville et si votre guide vous a \u00e9t\u00e9 utile ainsi que notre voiture de location. \ud83d\ude09<\/span><\/p>\n<p><span style=\"font-weight: 400;\">Profitez de vos vacances!<\/span><\/p>\n","protected":false},"excerpt":{"rendered":"<p>Partir en vacances l&#8217;esprit pr\u00eat est un pas en avant pour tirer le meilleur parti de votre temps. Par cons\u00e9quent, pour tirer le meilleur parti de votre location de voiture pas ch\u00e8re \u00e0 Manilva, ce sera tr\u00e8s utile et vous permettra \u00e9galement de profiter de chaque \u00e9tape avec une satisfaction totale. Que pouvez-vous trouver avec&#8230;<\/p>\n","protected":false},"author":9,"featured_media":0,"comment_status":"open","ping_status":"closed","sticky":false,"template":"","format":"standard","meta":{"footnotes":""},"categories":[32],"tags":[],"class_list":["post-21558","post","type-post","status-publish","format-standard","hentry","category-non-classifiee"],"yoast_head":"<!-- This site is optimized with the Yoast SEO Premium plugin v27.3 (Yoast SEO v27.3) - https:\/\/yoast.com\/product\/yoast-seo-premium-wordpress\/ -->\n<title>Besoin d&#039;une location de voiture pas ch\u00e8re \u00e0 Manilva , Casares, Sabinillas?<\/title>\n<meta name=\"description\" content=\"Prenez votre location de voiture pas ch\u00e8re \u00e0 Manilva et d\u00e9couvrez les villes alentours, comme Casares, ou allez \u00e0 la plage de Sabinillas.\" \/>\n<meta name=\"robots\" content=\"index, follow, max-snippet:-1, max-image-preview:large, max-video-preview:-1\" \/>\n<link rel=\"canonical\" href=\"https:\/\/bahiasexirentacar.com\/fr\/location-de-voiture-pas-chere-a-manilva\/\" \/>\n<meta property=\"og:locale\" content=\"fr_FR\" \/>\n<meta property=\"og:type\" content=\"article\" \/>\n<meta property=\"og:title\" content=\"Prenez votre location de voiture pas ch\u00e8re \u00e0 Manilva pour Casares et Sabinillas!\" \/>\n<meta property=\"og:description\" content=\"Prenez votre location de voiture pas ch\u00e8re \u00e0 Manilva et d\u00e9couvrez les villes alentours, comme Casares, ou allez \u00e0 la plage de Sabinillas.\" \/>\n<meta property=\"og:url\" content=\"https:\/\/bahiasexirentacar.com\/fr\/location-de-voiture-pas-chere-a-manilva\/\" \/>\n<meta property=\"og:site_name\" content=\"Bahia Sexi Rent a Car\" \/>\n<meta property=\"article:publisher\" content=\"https:\/\/www.facebook.com\/bahiasexi\" \/>\n<meta property=\"article:published_time\" content=\"2019-01-15T09:55:15+00:00\" \/>\n<meta property=\"article:modified_time\" content=\"2020-12-28T10:19:37+00:00\" \/>\n<meta name=\"author\" content=\"Laura Rodr\u00edguez\" \/>\n<meta name=\"twitter:card\" content=\"summary_large_image\" \/>\n<meta name=\"twitter:label1\" content=\"\u00c9crit par\" \/>\n\t<meta name=\"twitter:data1\" content=\"Laura Rodr\u00edguez\" \/>\n\t<meta name=\"twitter:label2\" content=\"Dur\u00e9e de lecture estim\u00e9e\" \/>\n\t<meta name=\"twitter:data2\" content=\"6 minutes\" \/>\n<script type=\"application\/ld+json\" class=\"yoast-schema-graph\">{\"@context\":\"https:\\\/\\\/schema.org\",\"@graph\":[{\"@type\":[\"Article\",\"BlogPosting\"],\"@id\":\"https:\\\/\\\/bahiasexirentacar.com\\\/fr\\\/location-de-voiture-pas-chere-a-manilva\\\/#article\",\"isPartOf\":{\"@id\":\"https:\\\/\\\/bahiasexirentacar.com\\\/fr\\\/location-de-voiture-pas-chere-a-manilva\\\/\"},\"author\":{\"name\":\"Laura Rodr\u00edguez\",\"@id\":\"https:\\\/\\\/bahiasexirentacar.com\\\/fr\\\/#\\\/schema\\\/person\\\/64fabdc74607552da9ede8736baf3704\"},\"headline\":\"Prenez votre location de voiture pas ch\u00e8re \u00e0 Manilva pour Casares et Sabinillas!\",\"datePublished\":\"2019-01-15T09:55:15+00:00\",\"dateModified\":\"2020-12-28T10:19:37+00:00\",\"mainEntityOfPage\":{\"@id\":\"https:\\\/\\\/bahiasexirentacar.com\\\/fr\\\/location-de-voiture-pas-chere-a-manilva\\\/\"},\"wordCount\":1267,\"commentCount\":0,\"publisher\":{\"@id\":\"https:\\\/\\\/bahiasexirentacar.com\\\/fr\\\/#organization\"},\"articleSection\":[\"Non classifi\u00e9(e)\"],\"inLanguage\":\"fr-FR\"},{\"@type\":[\"WebPage\",\"ItemPage\"],\"@id\":\"https:\\\/\\\/bahiasexirentacar.com\\\/fr\\\/location-de-voiture-pas-chere-a-manilva\\\/\",\"url\":\"https:\\\/\\\/bahiasexirentacar.com\\\/fr\\\/location-de-voiture-pas-chere-a-manilva\\\/\",\"name\":\"Besoin d'une location de voiture pas ch\u00e8re \u00e0 Manilva , Casares, Sabinillas?\",\"isPartOf\":{\"@id\":\"https:\\\/\\\/bahiasexirentacar.com\\\/fr\\\/#website\"},\"datePublished\":\"2019-01-15T09:55:15+00:00\",\"dateModified\":\"2020-12-28T10:19:37+00:00\",\"description\":\"Prenez votre location de voiture pas ch\u00e8re \u00e0 Manilva et d\u00e9couvrez les villes alentours, comme Casares, ou allez \u00e0 la plage de Sabinillas.\",\"breadcrumb\":{\"@id\":\"https:\\\/\\\/bahiasexirentacar.com\\\/fr\\\/location-de-voiture-pas-chere-a-manilva\\\/#breadcrumb\"},\"inLanguage\":\"fr-FR\",\"potentialAction\":[{\"@type\":\"ReadAction\",\"target\":[\"https:\\\/\\\/bahiasexirentacar.com\\\/fr\\\/location-de-voiture-pas-chere-a-manilva\\\/\"]}]},{\"@type\":\"BreadcrumbList\",\"@id\":\"https:\\\/\\\/bahiasexirentacar.com\\\/fr\\\/location-de-voiture-pas-chere-a-manilva\\\/#breadcrumb\",\"itemListElement\":[{\"@type\":\"ListItem\",\"position\":1,\"name\":\"Home\",\"item\":\"https:\\\/\\\/bahiasexirentacar.com\\\/fr\\\/\"},{\"@type\":\"ListItem\",\"position\":2,\"name\":\"Non classifi\u00e9(e)\",\"item\":\"https:\\\/\\\/bahiasexirentacar.com\\\/fr\\\/category\\\/non-classifiee\\\/\"},{\"@type\":\"ListItem\",\"position\":3,\"name\":\"Prenez votre location de voiture pas ch\u00e8re \u00e0 Manilva pour Casares et Sabinillas!\"}]},{\"@type\":\"WebSite\",\"@id\":\"https:\\\/\\\/bahiasexirentacar.com\\\/fr\\\/#website\",\"url\":\"https:\\\/\\\/bahiasexirentacar.com\\\/fr\\\/\",\"name\":\"Bahia Sexi Rent a Car\",\"description\":\"Car rental at Malaga Airport\",\"publisher\":{\"@id\":\"https:\\\/\\\/bahiasexirentacar.com\\\/fr\\\/#organization\"},\"potentialAction\":[{\"@type\":\"SearchAction\",\"target\":{\"@type\":\"EntryPoint\",\"urlTemplate\":\"https:\\\/\\\/bahiasexirentacar.com\\\/fr\\\/?s={search_term_string}\"},\"query-input\":{\"@type\":\"PropertyValueSpecification\",\"valueRequired\":true,\"valueName\":\"search_term_string\"}}],\"inLanguage\":\"fr-FR\"},{\"@type\":\"Organization\",\"@id\":\"https:\\\/\\\/bahiasexirentacar.com\\\/fr\\\/#organization\",\"name\":\"Bahia Sexi Rent a Car\",\"url\":\"https:\\\/\\\/bahiasexirentacar.com\\\/fr\\\/\",\"logo\":{\"@type\":\"ImageObject\",\"inLanguage\":\"fr-FR\",\"@id\":\"https:\\\/\\\/bahiasexirentacar.com\\\/fr\\\/#\\\/schema\\\/logo\\\/image\\\/\",\"url\":\"https:\\\/\\\/bahiasexirentacar.com\\\/wp-content\\\/uploads\\\/2024\\\/11\\\/cropped-Icono-sitio-web.jpg\",\"contentUrl\":\"https:\\\/\\\/bahiasexirentacar.com\\\/wp-content\\\/uploads\\\/2024\\\/11\\\/cropped-Icono-sitio-web.jpg\",\"width\":512,\"height\":512,\"caption\":\"Bahia Sexi Rent a Car\"},\"image\":{\"@id\":\"https:\\\/\\\/bahiasexirentacar.com\\\/fr\\\/#\\\/schema\\\/logo\\\/image\\\/\"},\"sameAs\":[\"https:\\\/\\\/www.facebook.com\\\/bahiasexi\"]},{\"@type\":\"Person\",\"@id\":\"https:\\\/\\\/bahiasexirentacar.com\\\/fr\\\/#\\\/schema\\\/person\\\/64fabdc74607552da9ede8736baf3704\",\"name\":\"Laura Rodr\u00edguez\",\"image\":{\"@type\":\"ImageObject\",\"inLanguage\":\"fr-FR\",\"@id\":\"https:\\\/\\\/secure.gravatar.com\\\/avatar\\\/87967e69b46baa8deb98f90585854c12aba67cb0c70970f1da219b1b30cacb8d?s=96&d=mm&r=g\",\"url\":\"https:\\\/\\\/secure.gravatar.com\\\/avatar\\\/87967e69b46baa8deb98f90585854c12aba67cb0c70970f1da219b1b30cacb8d?s=96&d=mm&r=g\",\"contentUrl\":\"https:\\\/\\\/secure.gravatar.com\\\/avatar\\\/87967e69b46baa8deb98f90585854c12aba67cb0c70970f1da219b1b30cacb8d?s=96&d=mm&r=g\",\"caption\":\"Laura Rodr\u00edguez\"}}]}<\/script>\n<!-- \/ Yoast SEO Premium plugin. -->","yoast_head_json":{"title":"Besoin d'une location de voiture pas ch\u00e8re \u00e0 Manilva , Casares, Sabinillas?","description":"Prenez votre location de voiture pas ch\u00e8re \u00e0 Manilva et d\u00e9couvrez les villes alentours, comme Casares, ou allez \u00e0 la plage de Sabinillas.","robots":{"index":"index","follow":"follow","max-snippet":"max-snippet:-1","max-image-preview":"max-image-preview:large","max-video-preview":"max-video-preview:-1"},"canonical":"https:\/\/bahiasexirentacar.com\/fr\/location-de-voiture-pas-chere-a-manilva\/","og_locale":"fr_FR","og_type":"article","og_title":"Prenez votre location de voiture pas ch\u00e8re \u00e0 Manilva pour Casares et Sabinillas!","og_description":"Prenez votre location de voiture pas ch\u00e8re \u00e0 Manilva et d\u00e9couvrez les villes alentours, comme Casares, ou allez \u00e0 la plage de Sabinillas.","og_url":"https:\/\/bahiasexirentacar.com\/fr\/location-de-voiture-pas-chere-a-manilva\/","og_site_name":"Bahia Sexi Rent a Car","article_publisher":"https:\/\/www.facebook.com\/bahiasexi","article_published_time":"2019-01-15T09:55:15+00:00","article_modified_time":"2020-12-28T10:19:37+00:00","author":"Laura Rodr\u00edguez","twitter_card":"summary_large_image","twitter_misc":{"\u00c9crit par":"Laura Rodr\u00edguez","Dur\u00e9e de lecture estim\u00e9e":"6 minutes"},"schema":{"@context":"https:\/\/schema.org","@graph":[{"@type":["Article","BlogPosting"],"@id":"https:\/\/bahiasexirentacar.com\/fr\/location-de-voiture-pas-chere-a-manilva\/#article","isPartOf":{"@id":"https:\/\/bahiasexirentacar.com\/fr\/location-de-voiture-pas-chere-a-manilva\/"},"author":{"name":"Laura Rodr\u00edguez","@id":"https:\/\/bahiasexirentacar.com\/fr\/#\/schema\/person\/64fabdc74607552da9ede8736baf3704"},"headline":"Prenez votre location de voiture pas ch\u00e8re \u00e0 Manilva pour Casares et Sabinillas!","datePublished":"2019-01-15T09:55:15+00:00","dateModified":"2020-12-28T10:19:37+00:00","mainEntityOfPage":{"@id":"https:\/\/bahiasexirentacar.com\/fr\/location-de-voiture-pas-chere-a-manilva\/"},"wordCount":1267,"commentCount":0,"publisher":{"@id":"https:\/\/bahiasexirentacar.com\/fr\/#organization"},"articleSection":["Non classifi\u00e9(e)"],"inLanguage":"fr-FR"},{"@type":["WebPage","ItemPage"],"@id":"https:\/\/bahiasexirentacar.com\/fr\/location-de-voiture-pas-chere-a-manilva\/","url":"https:\/\/bahiasexirentacar.com\/fr\/location-de-voiture-pas-chere-a-manilva\/","name":"Besoin d'une location de voiture pas ch\u00e8re \u00e0 Manilva , Casares, Sabinillas?","isPartOf":{"@id":"https:\/\/bahiasexirentacar.com\/fr\/#website"},"datePublished":"2019-01-15T09:55:15+00:00","dateModified":"2020-12-28T10:19:37+00:00","description":"Prenez votre location de voiture pas ch\u00e8re \u00e0 Manilva et d\u00e9couvrez les villes alentours, comme Casares, ou allez \u00e0 la plage de Sabinillas.","breadcrumb":{"@id":"https:\/\/bahiasexirentacar.com\/fr\/location-de-voiture-pas-chere-a-manilva\/#breadcrumb"},"inLanguage":"fr-FR","potentialAction":[{"@type":"ReadAction","target":["https:\/\/bahiasexirentacar.com\/fr\/location-de-voiture-pas-chere-a-manilva\/"]}]},{"@type":"BreadcrumbList","@id":"https:\/\/bahiasexirentacar.com\/fr\/location-de-voiture-pas-chere-a-manilva\/#breadcrumb","itemListElement":[{"@type":"ListItem","position":1,"name":"Home","item":"https:\/\/bahiasexirentacar.com\/fr\/"},{"@type":"ListItem","position":2,"name":"Non classifi\u00e9(e)","item":"https:\/\/bahiasexirentacar.com\/fr\/category\/non-classifiee\/"},{"@type":"ListItem","position":3,"name":"Prenez votre location de voiture pas ch\u00e8re \u00e0 Manilva pour Casares et Sabinillas!"}]},{"@type":"WebSite","@id":"https:\/\/bahiasexirentacar.com\/fr\/#website","url":"https:\/\/bahiasexirentacar.com\/fr\/","name":"Bahia Sexi Rent a Car","description":"Car rental at Malaga Airport","publisher":{"@id":"https:\/\/bahiasexirentacar.com\/fr\/#organization"},"potentialAction":[{"@type":"SearchAction","target":{"@type":"EntryPoint","urlTemplate":"https:\/\/bahiasexirentacar.com\/fr\/?s={search_term_string}"},"query-input":{"@type":"PropertyValueSpecification","valueRequired":true,"valueName":"search_term_string"}}],"inLanguage":"fr-FR"},{"@type":"Organization","@id":"https:\/\/bahiasexirentacar.com\/fr\/#organization","name":"Bahia Sexi Rent a Car","url":"https:\/\/bahiasexirentacar.com\/fr\/","logo":{"@type":"ImageObject","inLanguage":"fr-FR","@id":"https:\/\/bahiasexirentacar.com\/fr\/#\/schema\/logo\/image\/","url":"https:\/\/bahiasexirentacar.com\/wp-content\/uploads\/2024\/11\/cropped-Icono-sitio-web.jpg","contentUrl":"https:\/\/bahiasexirentacar.com\/wp-content\/uploads\/2024\/11\/cropped-Icono-sitio-web.jpg","width":512,"height":512,"caption":"Bahia Sexi Rent a Car"},"image":{"@id":"https:\/\/bahiasexirentacar.com\/fr\/#\/schema\/logo\/image\/"},"sameAs":["https:\/\/www.facebook.com\/bahiasexi"]},{"@type":"Person","@id":"https:\/\/bahiasexirentacar.com\/fr\/#\/schema\/person\/64fabdc74607552da9ede8736baf3704","name":"Laura Rodr\u00edguez","image":{"@type":"ImageObject","inLanguage":"fr-FR","@id":"https:\/\/secure.gravatar.com\/avatar\/87967e69b46baa8deb98f90585854c12aba67cb0c70970f1da219b1b30cacb8d?s=96&d=mm&r=g","url":"https:\/\/secure.gravatar.com\/avatar\/87967e69b46baa8deb98f90585854c12aba67cb0c70970f1da219b1b30cacb8d?s=96&d=mm&r=g","contentUrl":"https:\/\/secure.gravatar.com\/avatar\/87967e69b46baa8deb98f90585854c12aba67cb0c70970f1da219b1b30cacb8d?s=96&d=mm&r=g","caption":"Laura Rodr\u00edguez"}}]}},"_links":{"self":[{"href":"https:\/\/bahiasexirentacar.com\/fr\/wp-json\/wp\/v2\/posts\/21558","targetHints":{"allow":["GET"]}}],"collection":[{"href":"https:\/\/bahiasexirentacar.com\/fr\/wp-json\/wp\/v2\/posts"}],"about":[{"href":"https:\/\/bahiasexirentacar.com\/fr\/wp-json\/wp\/v2\/types\/post"}],"author":[{"embeddable":true,"href":"https:\/\/bahiasexirentacar.com\/fr\/wp-json\/wp\/v2\/users\/9"}],"replies":[{"embeddable":true,"href":"https:\/\/bahiasexirentacar.com\/fr\/wp-json\/wp\/v2\/comments?post=21558"}],"version-history":[{"count":1,"href":"https:\/\/bahiasexirentacar.com\/fr\/wp-json\/wp\/v2\/posts\/21558\/revisions"}],"predecessor-version":[{"id":33912,"href":"https:\/\/bahiasexirentacar.com\/fr\/wp-json\/wp\/v2\/posts\/21558\/revisions\/33912"}],"wp:attachment":[{"href":"https:\/\/bahiasexirentacar.com\/fr\/wp-json\/wp\/v2\/media?parent=21558"}],"wp:term":[{"taxonomy":"category","embeddable":true,"href":"https:\/\/bahiasexirentacar.com\/fr\/wp-json\/wp\/v2\/categories?post=21558"},{"taxonomy":"post_tag","embeddable":true,"href":"https:\/\/bahiasexirentacar.com\/fr\/wp-json\/wp\/v2\/tags?post=21558"}],"curies":[{"name":"wp","href":"https:\/\/api.w.org\/{rel}","templated":true}]}}