{"id":22132,"date":"2019-02-04T02:15:07","date_gmt":"2019-02-04T01:15:07","guid":{"rendered":"https:\/\/bahiasexirentacar.com\/?p=22132"},"modified":"2025-07-01T07:56:54","modified_gmt":"2025-07-01T07:56:54","slug":"tani-wynajem-samochodow-w-capileira","status":"publish","type":"post","link":"https:\/\/bahiasexirentacar.com\/pl\/tani-wynajem-samochodow-w-capileira\/","title":{"rendered":"We\u017a sw\u00f3j tani wynajem samochodow w Capileira! | Ciesz si\u0119 jazd\u0105 z Rent a Car Bahia Sexi"},"content":{"rendered":"<p>&nbsp;<\/p>\n<p><span style=\"font-weight: 400;\">We\u017a sw\u00f3j tani wynajem samochodow w Capileira i ciesz si\u0119 gmin\u0105 Capileira, po\u0142o\u017con\u0105 u podn\u00f3\u017ca Mulhac\u00e9n i zwie\u0144czaj\u0105c\u0105 Barranco de Poqueira, jest cz\u0119\u015bci\u0105 Parku Narodowego i Parku Narodowego Sierra Nevada.<\/span><a href=\"https:\/\/bahiasexirentacar.com\/es\/\"><span style=\"font-weight: 400;\">Bahia Sexi wynajmuje samoch\u00f3d<\/span><\/a><\/p>\n<p><span style=\"font-weight: 400;\">Pochodzenie miasta Capileira si\u0119ga czas\u00f3w Got\u00f3w, chocia\u017c niekt\u00f3rzy autorzy uwa\u017caj\u0105, \u017ce mog\u0142o to by\u0107 jeszcze wcze\u015bniej, z okresu rzymskiego.<\/span><\/p>\n<p><span style=\"font-weight: 400;\">Jego obecna nazwa pochodzi od \u0142aci\u0144skiego s\u0142owa capilaris, &#8220;najwy\u017cszego miejsca&#8221;, ze wzgl\u0119du na jego prawie nie do zdobycia lokalizacj\u0119, kt\u00f3ra by\u0142a jednym z ostatnich miejsc do podbicia przez Arab\u00f3w, a p\u00f3\u017aniej przez chrze\u015bcijan.<\/span><\/p>\n<p><span style=\"font-weight: 400;\">Druga najwy\u017csza gmina w Andaluzji wyr\u00f3\u017cnia si\u0119 licznymi fontannami naturalnej wody i wspania\u0142ymi krajobrazami, bujn\u0105 ro\u015blinno\u015bci\u0105 i spektakularnymi widokami, takimi jak Eras de Aldeire, rzeka Poqueira lub Refugio.<\/span><\/p>\n<p><span style=\"font-weight: 400;\">Chocia\u017c nie mniej wyr\u00f3\u017cnia si\u0119 jego pi\u0119knem i warto\u015bci\u0105 patronack\u0105 jego miejskiego j\u0105dra.<\/span><\/p>\n<p><span style=\"font-weight: 400;\">W centrum miasta zachowa\u0142a si\u0119 tradycyjna architektura Alpujarra. Bia\u0142e domy z p\u0142askimi dachami, zwane &#8220;terraos&#8221;, nadaj\u0105 kszta\u0142t stromym i zygzakowatym ulicom, kt\u00f3re dostosowuj\u0105 si\u0119 do g\u00f3rzystego terenu.<\/span><\/p>\n<p><span style=\"font-weight: 400;\">Podobnie, jego typowe &#8220;tinaos&#8221; to swoiste konstrukcje komunikacji pomi\u0119dzy ulicami lub domami wykonanymi z drewna kamiennego i kasztanowego &#8211; z wyj\u0105tkiem Alpujarra &#8211; kt\u00f3re konfiguruj\u0105 unikatowe konstrukcje tego rodzaju.<\/span><\/p>\n<p><span style=\"font-weight: 400;\">W tej niewielkiej wiosce znajduj\u0105 si\u0119 godne uwagi budynki, takie jak ko\u015bci\u00f3\u0142 Santa Mar\u00eda la Mayor czy Muzeum Sztuki Popularnej i Celnej Pedro Antonio de Alarc\u00f3n.<\/span><\/p>\n<p><span style=\"font-weight: 400;\">Istniej\u0105 r\u00f3wnie\u017c dwa tradycyjne miejsca publicznego mycia pod fontannami Hondery i La Pileta, kt\u00f3re by\u0142y u\u017cywane do 1965 roku.<\/span><\/p>\n<p><span style=\"font-weight: 400;\">Ten przyk\u0142ad autentycznej wioski Alpujarran, kt\u00f3ra zachowa\u0142a swoje walory przyrodnicze, historyczne i kulturowe, zosta\u0142 uznany za Historyczne Miejsce wzd\u0142u\u017c z pozosta\u0142ymi dwoma gminami, kt\u00f3re tworz\u0105 Barranco de Poqueira w 1982 roku<\/span><\/p>\n<p><span style=\"font-weight: 400;\">. Barranco de Poqueira jest, jako ca\u0142o\u015b\u0107, najwa\u017cniejszym i najbardziej spektakularnym o\u015brodkiem turystycznym w La Alpujarra, gdzie tury\u015bci mog\u0105 r\u00f3wnie\u017c znale\u017a\u0107 dywany, tkaniny i s\u0142oiki alpujarre\u00f1as z najwy\u017cszych jako\u015b\u0107 wraz z r\u0119cznie wykonywanymi rymowankami i guadameciles.<\/span><\/p>\n<p><span style=\"font-weight: 400;\">I, w swoim odpoczynku, by\u0107 zaskoczonym przez mocne smaki mi\u0119sa z gry lub wi\u0119cej serrano marynaty, kt\u00f3re tworz\u0105 typowe &#8220;danie alpujarre\u00f1o&#8221;.<\/span><\/p>\n<div id=\"ez-toc-container\" class=\"ez-toc-v2_0_82_2 counter-hierarchy ez-toc-counter ez-toc-white ez-toc-container-direction\">\n<div class=\"ez-toc-title-container\">\n<p class=\"ez-toc-title\" style=\"cursor:inherit\">Contents:<\/p>\n<span class=\"ez-toc-title-toggle\"><a href=\"#\" class=\"ez-toc-pull-right ez-toc-btn ez-toc-btn-xs ez-toc-btn-default ez-toc-toggle\" aria-label=\"Prze\u0142\u0105cznik Spisu Tre\u015bci\"><span class=\"ez-toc-js-icon-con\"><span class=\"\"><span class=\"eztoc-hide\" style=\"display:none;\">Toggle<\/span><span class=\"ez-toc-icon-toggle-span\"><svg style=\"fill: #000000;color:#000000\" xmlns=\"http:\/\/www.w3.org\/2000\/svg\" class=\"list-377408\" width=\"20px\" height=\"20px\" viewBox=\"0 0 24 24\" fill=\"none\"><path d=\"M6 6H4v2h2V6zm14 0H8v2h12V6zM4 11h2v2H4v-2zm16 0H8v2h12v-2zM4 16h2v2H4v-2zm16 0H8v2h12v-2z\" fill=\"currentColor\"><\/path><\/svg><svg style=\"fill: #000000;color:#000000\" class=\"arrow-unsorted-368013\" xmlns=\"http:\/\/www.w3.org\/2000\/svg\" width=\"10px\" height=\"10px\" viewBox=\"0 0 24 24\" version=\"1.2\" baseProfile=\"tiny\"><path d=\"M18.2 9.3l-6.2-6.3-6.2 6.3c-.2.2-.3.4-.3.7s.1.5.3.7c.2.2.4.3.7.3h11c.3 0 .5-.1.7-.3.2-.2.3-.5.3-.7s-.1-.5-.3-.7zM5.8 14.7l6.2 6.3 6.2-6.3c.2-.2.3-.5.3-.7s-.1-.5-.3-.7c-.2-.2-.4-.3-.7-.3h-11c-.3 0-.5.1-.7.3-.2.2-.3.5-.3.7s.1.5.3.7z\"\/><\/svg><\/span><\/span><\/span><\/a><\/span><\/div>\n<nav><ul class='ez-toc-list ez-toc-list-level-1 ' ><li class='ez-toc-page-1 ez-toc-heading-level-2'><a class=\"ez-toc-link ez-toc-heading-1\" href=\"https:\/\/bahiasexirentacar.com\/pl\/tani-wynajem-samochodow-w-capileira\/#Ale_jaka_bedzie_pogoda_gdy_podejmiesz_swoja_tani_wynajem_samochodow_w_Capileira\" >Ale jaka b\u0119dzie pogoda, gdy podejmiesz swoj\u0105 tani wynajem samochod\u00f3w w Capileira?<\/a><\/li><li class='ez-toc-page-1 ez-toc-heading-level-2'><a class=\"ez-toc-link ez-toc-heading-2\" href=\"https:\/\/bahiasexirentacar.com\/pl\/tani-wynajem-samochodow-w-capileira\/#Zabytki_ktore_warto_odwiedzic_z_tani_wynajem_samochodow_w_Capileira\" >Zabytki, kt\u00f3re warto odwiedzi\u0107 z tani wynajem samochod\u00f3w w Capileira<\/a><\/li><li class='ez-toc-page-1 ez-toc-heading-level-2'><a class=\"ez-toc-link ez-toc-heading-3\" href=\"https:\/\/bahiasexirentacar.com\/pl\/tani-wynajem-samochodow-w-capileira\/#Wez_swoj_tani_samochod_w_Capileira_i_idz_zjesc_najlepsze_jedzenie\" >We\u017a sw\u00f3j tani samoch\u00f3d w Capileira i id\u017a zje\u015b\u0107 najlepsze jedzenie!<\/a><\/li><li class='ez-toc-page-1 ez-toc-heading-level-2'><a class=\"ez-toc-link ez-toc-heading-4\" href=\"https:\/\/bahiasexirentacar.com\/pl\/tani-wynajem-samochodow-w-capileira\/#Czy_podoba_Ci_sie_tani_wynajem_samochodow_w_Capileira\" >Czy podoba Ci si\u0119 tani wynajem samochod\u00f3w w Capileira?<\/a><\/li><\/ul><\/nav><\/div>\n<h2><span class=\"ez-toc-section\" id=\"Ale_jaka_bedzie_pogoda_gdy_podejmiesz_swoja_tani_wynajem_samochodow_w_Capileira\"><\/span><b>Ale jaka b\u0119dzie pogoda, gdy podejmiesz swoj\u0105 tani wynajem samochod\u00f3w w Capileira?<\/b><span class=\"ez-toc-section-end\"><\/span><\/h2>\n<p><span style=\"font-weight: 400;\">Klimat w mie\u015bcie Capileira jest umiarkowanie ciep\u0142y. Zima jest bardziej deszczowa ni\u017c lato w mie\u015bcie Capileira. Wed\u0142ug klimatu K\u00f6ppena i Geigera, klimat jest klasyfikowany jako Csa. W Capileira \u015brednia roczna temperatura wynosi 12,1 \u00b0 C. Opady deszczu wynosz\u0105 tutaj 591 mm.<\/span><\/p>\n<p><span style=\"font-weight: 400;\">Najsuchszym miesi\u0105cem jest lipiec. W lipcu wyst\u0119puje 10 mm opad\u00f3w. Najwi\u0119ksze opady pojawiaj\u0105 si\u0119 w Marzec, ze \u015bredni\u0105 73 mm.<\/span><\/p>\n<p><span style=\"font-weight: 400;\">Nie dotyczy 22,2 \u00b0 C, julio es el mes m\u00e1s c\u00e1lido. Las temperaturas medias m\u00e1s bajas del an\u00f1o se produken en enero, cuando est\u00e1 alrededor de 4.2 \u00b0 C.<\/span><\/p>\n<p><span style=\"font-weight: 400;\">La precipitaci\u00f3n var\u00eda 63 mm entre el mes m\u00e1s seco y el mes m\u00e1s h\u00famedo. La variaci\u00f3n en las temperaturas durante todo el a\u00f1o es 18.0 \u00b0 C.<\/span><\/p>\n<h2><span class=\"ez-toc-section\" id=\"Zabytki_ktore_warto_odwiedzic_z_tani_wynajem_samochodow_w_Capileira\"><\/span><b>Zabytki, kt\u00f3re warto odwiedzi\u0107 z tani wynajem samochod\u00f3w w Capileira<\/b><span class=\"ez-toc-section-end\"><\/span><\/h2>\n<h4><b>Capileira Utility Room<\/b><\/h4>\n<p><span style=\"font-weight: 400;\">Gmina Capileira znajduje si\u0119 w Alpujarra (Granada), w w\u0105wozie Poqueira. Zosta\u0142o uznane za Historyczno-Artystyczne Miejsce, poniewa\u017c zachowuje fizjonomi\u0119 staro\u017cytnych osadnik\u00f3w berberyjskich.<\/span><\/p>\n<p><span style=\"font-weight: 400;\">Jeden z najbardziej uroczych zak\u0105tk\u00f3w Capileira, kt\u00f3ry by\u0142 u\u017cywany do 1965 roku. Umywalki s\u0105 w bardzo dobrym stanie.<\/span><\/p>\n<h4><b>W okolicy Capileira<\/b><\/h4>\n<p><span style=\"font-weight: 400;\">Na obrze\u017cach Capileira (Alpujarra) znajduje si\u0119 Most Abuchyt\u00f3w. Ta konstrukcja pozwala nam przekroczy\u0107 rzek\u0119 Poqueira i przej\u015b\u0107 z jednego zbocza w\u0105wozu Poqueira do drugiego.<\/span><\/p>\n<p><span style=\"font-weight: 400;\">Punktem pocz\u0105tkowym jest Eras de Aldeire i pod\u0105\u017camy kamienn\u0105 \u015bcie\u017ck\u0105. Po kilku metrach znajdziemy znak, kt\u00f3ry wska\u017ce kierunek, w kt\u00f3rym nale\u017cy pod\u0105\u017ca\u0107.<\/span><\/p>\n<p><span style=\"font-weight: 400;\">Elementem podkre\u015blaj\u0105cym tras\u0119 s\u0105 rowy i du\u017ca ilo\u015b\u0107 drzew orzechowych, kt\u00f3re znajduj\u0105 si\u0119 w tej strefie. B\u0119dziemy tak\u017ce podziwia\u0107 wspania\u0142e widoki na w\u0105w\u00f3z Poqueira.<\/span><\/p>\n<p><span style=\"font-weight: 400;\">Konieczne jest zwr\u00f3cenie uwagi w punkcie trasy, poniewa\u017c odejdziemy od g\u0142\u00f3wnej drogi. Dzieje si\u0119 tak, gdy znajdziemy szerokie kamienne schody o mo\u017cliwym \u015bredniowiecznym pochodzeniu.<\/span><\/p>\n<p><span style=\"font-weight: 400;\">Od tego momentu \u015bcie\u017cka staje si\u0119 bardziej stroma, a stare budynki znajduj\u0105 si\u0119 w gruzach. Po kr\u00f3tkiej chwili zobaczymy most Abuchit\u00f3w otoczony przez wiele topoli.<\/span><\/p>\n<h2><span class=\"ez-toc-section\" id=\"Wez_swoj_tani_samochod_w_Capileira_i_idz_zjesc_najlepsze_jedzenie\"><\/span><b>We\u017a sw\u00f3j tani samoch\u00f3d w Capileira i id\u017a zje\u015b\u0107 najlepsze jedzenie!<\/b><span class=\"ez-toc-section-end\"><\/span><\/h2>\n<p><span style=\"font-weight: 400;\">W\u015br\u00f3d najbardziej typowych znajdziemy miga alpujarre\u00f1as, choto capilurrio, talerz alpujarre\u00f1o z ziemniakami na rzecz ubogich, szynk\u0119 i jajka, gimenty pimentonas, zup\u0119 alpujarre\u00f1a z posiekanymi migda\u0142ami, puchero de berza, dziki w sosie , Truchas z migda\u0142ami lub lomo de orza.<\/span><\/p>\n<p><span style=\"font-weight: 400;\">Wieprzowina jest g\u0142\u00f3wn\u0105 baz\u0105 gastronomii alpujarre\u00f1a. Warto wspomnie\u0107, w\u015br\u00f3d szerokiej gamy w\u0119dlin, szynk\u0119.<\/span><\/p>\n<p><span style=\"font-weight: 400;\">Ze wzgl\u0119du na swoje po\u0142o\u017cenie geograficzne, Alta Alpujarra w og\u00f3le, a Capileira w szczeg\u00f3lno\u015bci, s\u0105 idealnymi miejscami do suszenia kawa\u0142k\u00f3w.<\/span><\/p>\n<p><span style=\"font-weight: 400;\">Zimne, suche powietrze z Sierra Nevada niew\u0105tpliwie przyczynia si\u0119 do tego. Region ten uzyska\u0142 nazw\u0119 pochodzenia &#8220;Jam\u00f3n de Trev\u00e9lez&#8221; w 1992 r.<\/span><\/p>\n<p><span style=\"font-weight: 400;\">Szczeg\u00f3lne znaczenie maj\u0105 r\u00f3wnie\u017c inne przysmaki, takie jak kie\u0142basa, kaszanka i rzemie\u015blniczy owczy ser.<\/span><\/p>\n<h2><span class=\"ez-toc-section\" id=\"Czy_podoba_Ci_sie_tani_wynajem_samochodow_w_Capileira\"><\/span><b>Czy podoba Ci si\u0119 tani wynajem samochod\u00f3w w Capileira?<\/b><span class=\"ez-toc-section-end\"><\/span><\/h2>\n<p><span style=\"font-weight: 400;\">Jazda nie ko\u0144czy si\u0119 tutaj, ciesz si\u0119 tanim wynajemiem samochod\u00f3w w Capileira i je\u017adzij wzd\u0142u\u017c miasta, aby odkry\u0107 sekrety tego miasta.<\/span><\/p>\n<p><span style=\"font-weight: 400;\">Daj nam zna\u0107, co my\u015blisz o mie\u015bcie i czy Tw\u00f3j przewodnik by\u0142 dla Ciebie przydatny, a tak\u017ce nasz wynajem samochod\u00f3w. \ud83d\ude09<\/span><\/p>\n<p><span style=\"font-weight: 400;\">Ciesz si\u0119 wakacjami!<\/span><\/p>\n<p>&nbsp;<\/p>\n","protected":false},"excerpt":{"rendered":"<p>&nbsp; We\u017a sw\u00f3j tani wynajem samochodow w Capileira i ciesz si\u0119 gmin\u0105 Capileira, po\u0142o\u017con\u0105 u podn\u00f3\u017ca Mulhac\u00e9n i zwie\u0144czaj\u0105c\u0105 Barranco de Poqueira, jest cz\u0119\u015bci\u0105 Parku Narodowego i Parku Narodowego Sierra Nevada.Bahia Sexi wynajmuje samoch\u00f3d Pochodzenie miasta Capileira si\u0119ga czas\u00f3w Got\u00f3w, chocia\u017c niekt\u00f3rzy autorzy uwa\u017caj\u0105, \u017ce mog\u0142o to by\u0107 jeszcze wcze\u015bniej, z okresu rzymskiego. Jego obecna&#8230;<\/p>\n","protected":false},"author":9,"featured_media":22133,"comment_status":"closed","ping_status":"closed","sticky":false,"template":"","format":"standard","meta":{"footnotes":""},"categories":[33],"tags":[],"class_list":["post-22132","post","type-post","status-publish","format-standard","has-post-thumbnail","hentry","category-bez-kategorii"],"yoast_head":"<!-- This site is optimized with the Yoast SEO Premium plugin v27.3 (Yoast SEO v27.3) - https:\/\/yoast.com\/product\/yoast-seo-premium-wordpress\/ -->\n<title>Tani wynajem samochodow w Capileira | Co robi\u0107 w Capileira<\/title>\n<meta name=\"description\" content=\"Tani wynajem samochodow w Capileira Bahia Sexi m\u00f3wi, co robi\u0107 w Capileira. Odkryj wszystkie szczeg\u00f3\u0142y dotycz\u0105ce tej wioski. Zarezerwuj u nas.\" \/>\n<meta name=\"robots\" content=\"index, follow, max-snippet:-1, max-image-preview:large, max-video-preview:-1\" \/>\n<link rel=\"canonical\" href=\"https:\/\/bahiasexirentacar.com\/pl\/tani-wynajem-samochodow-w-capileira\/\" \/>\n<meta property=\"og:locale\" content=\"pl_PL\" \/>\n<meta property=\"og:type\" content=\"article\" \/>\n<meta property=\"og:title\" content=\"We\u017a sw\u00f3j tani wynajem samochodow w Capileira! | Ciesz si\u0119 jazd\u0105 z Rent a Car Bahia Sexi\" \/>\n<meta property=\"og:description\" content=\"Tani wynajem samochodow w Capileira Bahia Sexi m\u00f3wi, co robi\u0107 w Capileira. Odkryj wszystkie szczeg\u00f3\u0142y dotycz\u0105ce tej wioski. Zarezerwuj u nas.\" \/>\n<meta property=\"og:url\" content=\"https:\/\/bahiasexirentacar.com\/pl\/tani-wynajem-samochodow-w-capileira\/\" \/>\n<meta property=\"og:site_name\" content=\"Bahia Sexi Rent a Car\" \/>\n<meta property=\"article:publisher\" content=\"https:\/\/www.facebook.com\/bahiasexi\" \/>\n<meta property=\"article:published_time\" content=\"2019-02-04T01:15:07+00:00\" \/>\n<meta property=\"article:modified_time\" content=\"2025-07-01T07:56:54+00:00\" \/>\n<meta name=\"author\" content=\"Laura Rodr\u00edguez\" \/>\n<meta name=\"twitter:card\" content=\"summary_large_image\" \/>\n<meta name=\"twitter:label1\" content=\"Napisane przez\" \/>\n\t<meta name=\"twitter:data1\" content=\"Laura Rodr\u00edguez\" \/>\n\t<meta name=\"twitter:label2\" content=\"Szacowany czas czytania\" \/>\n\t<meta name=\"twitter:data2\" content=\"4 minuty\" \/>\n<script type=\"application\/ld+json\" class=\"yoast-schema-graph\">{\"@context\":\"https:\\\/\\\/schema.org\",\"@graph\":[{\"@type\":[\"Article\",\"BlogPosting\"],\"@id\":\"https:\\\/\\\/bahiasexirentacar.com\\\/pl\\\/tani-wynajem-samochodow-w-capileira\\\/#article\",\"isPartOf\":{\"@id\":\"https:\\\/\\\/bahiasexirentacar.com\\\/pl\\\/tani-wynajem-samochodow-w-capileira\\\/\"},\"author\":{\"name\":\"Laura Rodr\u00edguez\",\"@id\":\"https:\\\/\\\/bahiasexirentacar.com\\\/pl\\\/#\\\/schema\\\/person\\\/64fabdc74607552da9ede8736baf3704\"},\"headline\":\"We\u017a sw\u00f3j tani wynajem samochodow w Capileira! | Ciesz si\u0119 jazd\u0105 z Rent a Car Bahia Sexi\",\"datePublished\":\"2019-02-04T01:15:07+00:00\",\"dateModified\":\"2025-07-01T07:56:54+00:00\",\"mainEntityOfPage\":{\"@id\":\"https:\\\/\\\/bahiasexirentacar.com\\\/pl\\\/tani-wynajem-samochodow-w-capileira\\\/\"},\"wordCount\":959,\"publisher\":{\"@id\":\"https:\\\/\\\/bahiasexirentacar.com\\\/pl\\\/#organization\"},\"image\":{\"@id\":\"https:\\\/\\\/bahiasexirentacar.com\\\/pl\\\/tani-wynajem-samochodow-w-capileira\\\/#primaryimage\"},\"thumbnailUrl\":\"\",\"inLanguage\":\"pl-PL\"},{\"@type\":[\"WebPage\",\"ItemPage\"],\"@id\":\"https:\\\/\\\/bahiasexirentacar.com\\\/pl\\\/tani-wynajem-samochodow-w-capileira\\\/\",\"url\":\"https:\\\/\\\/bahiasexirentacar.com\\\/pl\\\/tani-wynajem-samochodow-w-capileira\\\/\",\"name\":\"Tani wynajem samochodow w Capileira | Co robi\u0107 w Capileira\",\"isPartOf\":{\"@id\":\"https:\\\/\\\/bahiasexirentacar.com\\\/pl\\\/#website\"},\"primaryImageOfPage\":{\"@id\":\"https:\\\/\\\/bahiasexirentacar.com\\\/pl\\\/tani-wynajem-samochodow-w-capileira\\\/#primaryimage\"},\"image\":{\"@id\":\"https:\\\/\\\/bahiasexirentacar.com\\\/pl\\\/tani-wynajem-samochodow-w-capileira\\\/#primaryimage\"},\"thumbnailUrl\":\"\",\"datePublished\":\"2019-02-04T01:15:07+00:00\",\"dateModified\":\"2025-07-01T07:56:54+00:00\",\"description\":\"Tani wynajem samochodow w Capileira Bahia Sexi m\u00f3wi, co robi\u0107 w Capileira. Odkryj wszystkie szczeg\u00f3\u0142y dotycz\u0105ce tej wioski. Zarezerwuj u nas.\",\"breadcrumb\":{\"@id\":\"https:\\\/\\\/bahiasexirentacar.com\\\/pl\\\/tani-wynajem-samochodow-w-capileira\\\/#breadcrumb\"},\"inLanguage\":\"pl-PL\",\"potentialAction\":[{\"@type\":\"ReadAction\",\"target\":[\"https:\\\/\\\/bahiasexirentacar.com\\\/pl\\\/tani-wynajem-samochodow-w-capileira\\\/\"]}]},{\"@type\":\"ImageObject\",\"inLanguage\":\"pl-PL\",\"@id\":\"https:\\\/\\\/bahiasexirentacar.com\\\/pl\\\/tani-wynajem-samochodow-w-capileira\\\/#primaryimage\",\"url\":\"\",\"contentUrl\":\"\"},{\"@type\":\"BreadcrumbList\",\"@id\":\"https:\\\/\\\/bahiasexirentacar.com\\\/pl\\\/tani-wynajem-samochodow-w-capileira\\\/#breadcrumb\",\"itemListElement\":[{\"@type\":\"ListItem\",\"position\":1,\"name\":\"Home\",\"item\":\"https:\\\/\\\/bahiasexirentacar.com\\\/pl\\\/\"},{\"@type\":\"ListItem\",\"position\":2,\"name\":\"Bez kategorii\",\"item\":\"https:\\\/\\\/bahiasexirentacar.com\\\/pl\\\/category\\\/bez-kategorii\\\/\"},{\"@type\":\"ListItem\",\"position\":3,\"name\":\"We\u017a sw\u00f3j tani wynajem samochodow w Capileira! | Ciesz si\u0119 jazd\u0105 z Rent a Car Bahia Sexi\"}]},{\"@type\":\"WebSite\",\"@id\":\"https:\\\/\\\/bahiasexirentacar.com\\\/pl\\\/#website\",\"url\":\"https:\\\/\\\/bahiasexirentacar.com\\\/pl\\\/\",\"name\":\"Bahia Sexi Rent a Car\",\"description\":\"Car rental at Malaga Airport\",\"publisher\":{\"@id\":\"https:\\\/\\\/bahiasexirentacar.com\\\/pl\\\/#organization\"},\"potentialAction\":[{\"@type\":\"SearchAction\",\"target\":{\"@type\":\"EntryPoint\",\"urlTemplate\":\"https:\\\/\\\/bahiasexirentacar.com\\\/pl\\\/?s={search_term_string}\"},\"query-input\":{\"@type\":\"PropertyValueSpecification\",\"valueRequired\":true,\"valueName\":\"search_term_string\"}}],\"inLanguage\":\"pl-PL\"},{\"@type\":\"Organization\",\"@id\":\"https:\\\/\\\/bahiasexirentacar.com\\\/pl\\\/#organization\",\"name\":\"Bahia Sexi Rent a Car\",\"url\":\"https:\\\/\\\/bahiasexirentacar.com\\\/pl\\\/\",\"logo\":{\"@type\":\"ImageObject\",\"inLanguage\":\"pl-PL\",\"@id\":\"https:\\\/\\\/bahiasexirentacar.com\\\/pl\\\/#\\\/schema\\\/logo\\\/image\\\/\",\"url\":\"https:\\\/\\\/bahiasexirentacar.com\\\/wp-content\\\/uploads\\\/2024\\\/11\\\/cropped-Icono-sitio-web.jpg\",\"contentUrl\":\"https:\\\/\\\/bahiasexirentacar.com\\\/wp-content\\\/uploads\\\/2024\\\/11\\\/cropped-Icono-sitio-web.jpg\",\"width\":512,\"height\":512,\"caption\":\"Bahia Sexi Rent a Car\"},\"image\":{\"@id\":\"https:\\\/\\\/bahiasexirentacar.com\\\/pl\\\/#\\\/schema\\\/logo\\\/image\\\/\"},\"sameAs\":[\"https:\\\/\\\/www.facebook.com\\\/bahiasexi\"]},{\"@type\":\"Person\",\"@id\":\"https:\\\/\\\/bahiasexirentacar.com\\\/pl\\\/#\\\/schema\\\/person\\\/64fabdc74607552da9ede8736baf3704\",\"name\":\"Laura Rodr\u00edguez\",\"image\":{\"@type\":\"ImageObject\",\"inLanguage\":\"pl-PL\",\"@id\":\"https:\\\/\\\/secure.gravatar.com\\\/avatar\\\/87967e69b46baa8deb98f90585854c12aba67cb0c70970f1da219b1b30cacb8d?s=96&d=mm&r=g\",\"url\":\"https:\\\/\\\/secure.gravatar.com\\\/avatar\\\/87967e69b46baa8deb98f90585854c12aba67cb0c70970f1da219b1b30cacb8d?s=96&d=mm&r=g\",\"contentUrl\":\"https:\\\/\\\/secure.gravatar.com\\\/avatar\\\/87967e69b46baa8deb98f90585854c12aba67cb0c70970f1da219b1b30cacb8d?s=96&d=mm&r=g\",\"caption\":\"Laura Rodr\u00edguez\"}}]}<\/script>\n<!-- \/ Yoast SEO Premium plugin. -->","yoast_head_json":{"title":"Tani wynajem samochodow w Capileira | Co robi\u0107 w Capileira","description":"Tani wynajem samochodow w Capileira Bahia Sexi m\u00f3wi, co robi\u0107 w Capileira. Odkryj wszystkie szczeg\u00f3\u0142y dotycz\u0105ce tej wioski. Zarezerwuj u nas.","robots":{"index":"index","follow":"follow","max-snippet":"max-snippet:-1","max-image-preview":"max-image-preview:large","max-video-preview":"max-video-preview:-1"},"canonical":"https:\/\/bahiasexirentacar.com\/pl\/tani-wynajem-samochodow-w-capileira\/","og_locale":"pl_PL","og_type":"article","og_title":"We\u017a sw\u00f3j tani wynajem samochodow w Capileira! | Ciesz si\u0119 jazd\u0105 z Rent a Car Bahia Sexi","og_description":"Tani wynajem samochodow w Capileira Bahia Sexi m\u00f3wi, co robi\u0107 w Capileira. Odkryj wszystkie szczeg\u00f3\u0142y dotycz\u0105ce tej wioski. Zarezerwuj u nas.","og_url":"https:\/\/bahiasexirentacar.com\/pl\/tani-wynajem-samochodow-w-capileira\/","og_site_name":"Bahia Sexi Rent a Car","article_publisher":"https:\/\/www.facebook.com\/bahiasexi","article_published_time":"2019-02-04T01:15:07+00:00","article_modified_time":"2025-07-01T07:56:54+00:00","author":"Laura Rodr\u00edguez","twitter_card":"summary_large_image","twitter_misc":{"Napisane przez":"Laura Rodr\u00edguez","Szacowany czas czytania":"4 minuty"},"schema":{"@context":"https:\/\/schema.org","@graph":[{"@type":["Article","BlogPosting"],"@id":"https:\/\/bahiasexirentacar.com\/pl\/tani-wynajem-samochodow-w-capileira\/#article","isPartOf":{"@id":"https:\/\/bahiasexirentacar.com\/pl\/tani-wynajem-samochodow-w-capileira\/"},"author":{"name":"Laura Rodr\u00edguez","@id":"https:\/\/bahiasexirentacar.com\/pl\/#\/schema\/person\/64fabdc74607552da9ede8736baf3704"},"headline":"We\u017a sw\u00f3j tani wynajem samochodow w Capileira! | Ciesz si\u0119 jazd\u0105 z Rent a Car Bahia Sexi","datePublished":"2019-02-04T01:15:07+00:00","dateModified":"2025-07-01T07:56:54+00:00","mainEntityOfPage":{"@id":"https:\/\/bahiasexirentacar.com\/pl\/tani-wynajem-samochodow-w-capileira\/"},"wordCount":959,"publisher":{"@id":"https:\/\/bahiasexirentacar.com\/pl\/#organization"},"image":{"@id":"https:\/\/bahiasexirentacar.com\/pl\/tani-wynajem-samochodow-w-capileira\/#primaryimage"},"thumbnailUrl":"","inLanguage":"pl-PL"},{"@type":["WebPage","ItemPage"],"@id":"https:\/\/bahiasexirentacar.com\/pl\/tani-wynajem-samochodow-w-capileira\/","url":"https:\/\/bahiasexirentacar.com\/pl\/tani-wynajem-samochodow-w-capileira\/","name":"Tani wynajem samochodow w Capileira | Co robi\u0107 w Capileira","isPartOf":{"@id":"https:\/\/bahiasexirentacar.com\/pl\/#website"},"primaryImageOfPage":{"@id":"https:\/\/bahiasexirentacar.com\/pl\/tani-wynajem-samochodow-w-capileira\/#primaryimage"},"image":{"@id":"https:\/\/bahiasexirentacar.com\/pl\/tani-wynajem-samochodow-w-capileira\/#primaryimage"},"thumbnailUrl":"","datePublished":"2019-02-04T01:15:07+00:00","dateModified":"2025-07-01T07:56:54+00:00","description":"Tani wynajem samochodow w Capileira Bahia Sexi m\u00f3wi, co robi\u0107 w Capileira. Odkryj wszystkie szczeg\u00f3\u0142y dotycz\u0105ce tej wioski. Zarezerwuj u nas.","breadcrumb":{"@id":"https:\/\/bahiasexirentacar.com\/pl\/tani-wynajem-samochodow-w-capileira\/#breadcrumb"},"inLanguage":"pl-PL","potentialAction":[{"@type":"ReadAction","target":["https:\/\/bahiasexirentacar.com\/pl\/tani-wynajem-samochodow-w-capileira\/"]}]},{"@type":"ImageObject","inLanguage":"pl-PL","@id":"https:\/\/bahiasexirentacar.com\/pl\/tani-wynajem-samochodow-w-capileira\/#primaryimage","url":"","contentUrl":""},{"@type":"BreadcrumbList","@id":"https:\/\/bahiasexirentacar.com\/pl\/tani-wynajem-samochodow-w-capileira\/#breadcrumb","itemListElement":[{"@type":"ListItem","position":1,"name":"Home","item":"https:\/\/bahiasexirentacar.com\/pl\/"},{"@type":"ListItem","position":2,"name":"Bez kategorii","item":"https:\/\/bahiasexirentacar.com\/pl\/category\/bez-kategorii\/"},{"@type":"ListItem","position":3,"name":"We\u017a sw\u00f3j tani wynajem samochodow w Capileira! | Ciesz si\u0119 jazd\u0105 z Rent a Car Bahia Sexi"}]},{"@type":"WebSite","@id":"https:\/\/bahiasexirentacar.com\/pl\/#website","url":"https:\/\/bahiasexirentacar.com\/pl\/","name":"Bahia Sexi Rent a Car","description":"Car rental at Malaga Airport","publisher":{"@id":"https:\/\/bahiasexirentacar.com\/pl\/#organization"},"potentialAction":[{"@type":"SearchAction","target":{"@type":"EntryPoint","urlTemplate":"https:\/\/bahiasexirentacar.com\/pl\/?s={search_term_string}"},"query-input":{"@type":"PropertyValueSpecification","valueRequired":true,"valueName":"search_term_string"}}],"inLanguage":"pl-PL"},{"@type":"Organization","@id":"https:\/\/bahiasexirentacar.com\/pl\/#organization","name":"Bahia Sexi Rent a Car","url":"https:\/\/bahiasexirentacar.com\/pl\/","logo":{"@type":"ImageObject","inLanguage":"pl-PL","@id":"https:\/\/bahiasexirentacar.com\/pl\/#\/schema\/logo\/image\/","url":"https:\/\/bahiasexirentacar.com\/wp-content\/uploads\/2024\/11\/cropped-Icono-sitio-web.jpg","contentUrl":"https:\/\/bahiasexirentacar.com\/wp-content\/uploads\/2024\/11\/cropped-Icono-sitio-web.jpg","width":512,"height":512,"caption":"Bahia Sexi Rent a Car"},"image":{"@id":"https:\/\/bahiasexirentacar.com\/pl\/#\/schema\/logo\/image\/"},"sameAs":["https:\/\/www.facebook.com\/bahiasexi"]},{"@type":"Person","@id":"https:\/\/bahiasexirentacar.com\/pl\/#\/schema\/person\/64fabdc74607552da9ede8736baf3704","name":"Laura Rodr\u00edguez","image":{"@type":"ImageObject","inLanguage":"pl-PL","@id":"https:\/\/secure.gravatar.com\/avatar\/87967e69b46baa8deb98f90585854c12aba67cb0c70970f1da219b1b30cacb8d?s=96&d=mm&r=g","url":"https:\/\/secure.gravatar.com\/avatar\/87967e69b46baa8deb98f90585854c12aba67cb0c70970f1da219b1b30cacb8d?s=96&d=mm&r=g","contentUrl":"https:\/\/secure.gravatar.com\/avatar\/87967e69b46baa8deb98f90585854c12aba67cb0c70970f1da219b1b30cacb8d?s=96&d=mm&r=g","caption":"Laura Rodr\u00edguez"}}]}},"_links":{"self":[{"href":"https:\/\/bahiasexirentacar.com\/pl\/wp-json\/wp\/v2\/posts\/22132","targetHints":{"allow":["GET"]}}],"collection":[{"href":"https:\/\/bahiasexirentacar.com\/pl\/wp-json\/wp\/v2\/posts"}],"about":[{"href":"https:\/\/bahiasexirentacar.com\/pl\/wp-json\/wp\/v2\/types\/post"}],"author":[{"embeddable":true,"href":"https:\/\/bahiasexirentacar.com\/pl\/wp-json\/wp\/v2\/users\/9"}],"replies":[{"embeddable":true,"href":"https:\/\/bahiasexirentacar.com\/pl\/wp-json\/wp\/v2\/comments?post=22132"}],"version-history":[{"count":2,"href":"https:\/\/bahiasexirentacar.com\/pl\/wp-json\/wp\/v2\/posts\/22132\/revisions"}],"predecessor-version":[{"id":1873238,"href":"https:\/\/bahiasexirentacar.com\/pl\/wp-json\/wp\/v2\/posts\/22132\/revisions\/1873238"}],"wp:featuredmedia":[{"embeddable":true,"href":"https:\/\/bahiasexirentacar.com\/pl\/wp-json\/"}],"wp:attachment":[{"href":"https:\/\/bahiasexirentacar.com\/pl\/wp-json\/wp\/v2\/media?parent=22132"}],"wp:term":[{"taxonomy":"category","embeddable":true,"href":"https:\/\/bahiasexirentacar.com\/pl\/wp-json\/wp\/v2\/categories?post=22132"},{"taxonomy":"post_tag","embeddable":true,"href":"https:\/\/bahiasexirentacar.com\/pl\/wp-json\/wp\/v2\/tags?post=22132"}],"curies":[{"name":"wp","href":"https:\/\/api.w.org\/{rel}","templated":true}]}}