{"id":36557,"date":"2021-03-16T17:00:01","date_gmt":"2021-03-16T17:00:01","guid":{"rendered":"https:\/\/bahiasexirentacar.com\/?p=36557"},"modified":"2025-08-14T19:55:19","modified_gmt":"2025-08-14T19:55:19","slug":"tani-wynajem-samochodow-benalmadena","status":"publish","type":"post","link":"https:\/\/bahiasexirentacar.com\/pl\/tani-wynajem-samochodow-benalmadena\/","title":{"rendered":"Tani wynajem samochod\u00f3w Benalmadena Bahia Sexi | Co robi\u0107"},"content":{"rendered":"<p><span style=\"font-weight: 400;\">Je\u015bli potrzebujesz <\/span><b>Tani wynajem samochod\u00f3w Benalmadena <\/b><span style=\"font-weight: 400;\">, nasza firma poprowadzi Ci\u0119 do najlepszych ofert i samochod\u00f3w, jakie mamy. Nie musisz szuka\u0107 dalej ani si\u0119 waha\u0107!<\/span><\/p>\n<p><span style=\"font-weight: 400;\">\u00a0<\/span><\/p>\n<div id=\"ez-toc-container\" class=\"ez-toc-v2_0_82_2 counter-hierarchy ez-toc-counter ez-toc-white ez-toc-container-direction\">\n<div class=\"ez-toc-title-container\">\n<p class=\"ez-toc-title\" style=\"cursor:inherit\">Contents:<\/p>\n<span class=\"ez-toc-title-toggle\"><a href=\"#\" class=\"ez-toc-pull-right ez-toc-btn ez-toc-btn-xs ez-toc-btn-default ez-toc-toggle\" aria-label=\"Prze\u0142\u0105cznik Spisu Tre\u015bci\"><span class=\"ez-toc-js-icon-con\"><span class=\"\"><span class=\"eztoc-hide\" style=\"display:none;\">Toggle<\/span><span class=\"ez-toc-icon-toggle-span\"><svg style=\"fill: #000000;color:#000000\" xmlns=\"http:\/\/www.w3.org\/2000\/svg\" class=\"list-377408\" width=\"20px\" height=\"20px\" viewBox=\"0 0 24 24\" fill=\"none\"><path d=\"M6 6H4v2h2V6zm14 0H8v2h12V6zM4 11h2v2H4v-2zm16 0H8v2h12v-2zM4 16h2v2H4v-2zm16 0H8v2h12v-2z\" fill=\"currentColor\"><\/path><\/svg><svg style=\"fill: #000000;color:#000000\" class=\"arrow-unsorted-368013\" xmlns=\"http:\/\/www.w3.org\/2000\/svg\" width=\"10px\" height=\"10px\" viewBox=\"0 0 24 24\" version=\"1.2\" baseProfile=\"tiny\"><path d=\"M18.2 9.3l-6.2-6.3-6.2 6.3c-.2.2-.3.4-.3.7s.1.5.3.7c.2.2.4.3.7.3h11c.3 0 .5-.1.7-.3.2-.2.3-.5.3-.7s-.1-.5-.3-.7zM5.8 14.7l6.2 6.3 6.2-6.3c.2-.2.3-.5.3-.7s-.1-.5-.3-.7c-.2-.2-.4-.3-.7-.3h-11c-.3 0-.5.1-.7.3-.2.2-.3.5-.3.7s.1.5.3.7z\"\/><\/svg><\/span><\/span><\/span><\/a><\/span><\/div>\n<nav><ul class='ez-toc-list ez-toc-list-level-1 ' ><li class='ez-toc-page-1 ez-toc-heading-level-2'><a class=\"ez-toc-link ez-toc-heading-1\" href=\"https:\/\/bahiasexirentacar.com\/pl\/tani-wynajem-samochodow-benalmadena\/#Dlaczego_warto_zarezerwowac_u_nas\" >Dlaczego warto zarezerwowa\u0107 u nas?<\/a><\/li><li class='ez-toc-page-1 ez-toc-heading-level-2'><a class=\"ez-toc-link ez-toc-heading-2\" href=\"https:\/\/bahiasexirentacar.com\/pl\/tani-wynajem-samochodow-benalmadena\/#Odbierz_swoj_niedrogi_samochod_do_wynajecia_w_Benalmadenie_i_poznaj_historie_miasta\" >Odbierz sw\u00f3j niedrogi samoch\u00f3d do wynaj\u0119cia w Benalmadenie i poznaj histori\u0119 miasta!<\/a><\/li><li class='ez-toc-page-1 ez-toc-heading-level-2'><a class=\"ez-toc-link ez-toc-heading-3\" href=\"https:\/\/bahiasexirentacar.com\/pl\/tani-wynajem-samochodow-benalmadena\/#Ale_jaka_bylaby_pogoda_kiedy_wynajmujesz_tani_samochod_w_Benalmadenie\" >Ale jaka by\u0142aby pogoda, kiedy wynajmujesz tani samoch\u00f3d w Benalmadenie?<\/a><ul class='ez-toc-list-level-3' ><li class='ez-toc-heading-level-3'><a class=\"ez-toc-link ez-toc-heading-4\" href=\"https:\/\/bahiasexirentacar.com\/pl\/tani-wynajem-samochodow-benalmadena\/#Temperatury\" >Temperatury:<\/a><\/li><li class='ez-toc-page-1 ez-toc-heading-level-3'><a class=\"ez-toc-link ez-toc-heading-5\" href=\"https:\/\/bahiasexirentacar.com\/pl\/tani-wynajem-samochodow-benalmadena\/#Opady\" >Opady:<\/a><\/li><\/ul><\/li><li class='ez-toc-page-1 ez-toc-heading-level-2'><a class=\"ez-toc-link ez-toc-heading-6\" href=\"https:\/\/bahiasexirentacar.com\/pl\/tani-wynajem-samochodow-benalmadena\/#Przyjdz_i_poznaj_5_najlepszych_restauracji_w_Benalmadenie\" >Przyjd\u017a i poznaj 5 najlepszych restauracji w Benalmadenie<\/a><ul class='ez-toc-list-level-3' ><li class='ez-toc-heading-level-3'><a class=\"ez-toc-link ez-toc-heading-7\" href=\"https:\/\/bahiasexirentacar.com\/pl\/tani-wynajem-samochodow-benalmadena\/#Lime_Lemon\" >Lime &amp; Lemon<\/a><\/li><li class='ez-toc-page-1 ez-toc-heading-level-3'><a class=\"ez-toc-link ez-toc-heading-8\" href=\"https:\/\/bahiasexirentacar.com\/pl\/tani-wynajem-samochodow-benalmadena\/#Fama_Tapas_Bar\" >Fama Tapas Bar<\/a><\/li><li class='ez-toc-page-1 ez-toc-heading-level-3'><a class=\"ez-toc-link ez-toc-heading-9\" href=\"https:\/\/bahiasexirentacar.com\/pl\/tani-wynajem-samochodow-benalmadena\/#Karma\" >Karma<\/a><\/li><li class='ez-toc-page-1 ez-toc-heading-level-3'><a class=\"ez-toc-link ez-toc-heading-10\" href=\"https:\/\/bahiasexirentacar.com\/pl\/tani-wynajem-samochodow-benalmadena\/#Vinoteca_Moncloa\" >Vinoteca Moncloa<\/a><\/li><li class='ez-toc-page-1 ez-toc-heading-level-3'><a class=\"ez-toc-link ez-toc-heading-11\" href=\"https:\/\/bahiasexirentacar.com\/pl\/tani-wynajem-samochodow-benalmadena\/#Toro_Puerto_Marina\" >Toro Puerto Marina<\/a><\/li><\/ul><\/li><li class='ez-toc-page-1 ez-toc-heading-level-2'><a class=\"ez-toc-link ez-toc-heading-12\" href=\"https:\/\/bahiasexirentacar.com\/pl\/tani-wynajem-samochodow-benalmadena\/#Odkryj_gastronomie_Benalmadeny\" >Odkryj gastronomi\u0119 Benalmadeny<\/a><\/li><li class='ez-toc-page-1 ez-toc-heading-level-2'><a class=\"ez-toc-link ez-toc-heading-13\" href=\"https:\/\/bahiasexirentacar.com\/pl\/tani-wynajem-samochodow-benalmadena\/#Zabytki_ktore_warto_odwiedzic_wynajmujac_tani_samochod_w_Benalmadenie\" >Zabytki, kt\u00f3re warto odwiedzi\u0107, wynajmuj\u0105c tani samoch\u00f3d w Benalmadenie.<\/a><ul class='ez-toc-list-level-3' ><li class='ez-toc-heading-level-3'><a class=\"ez-toc-link ez-toc-heading-14\" href=\"https:\/\/bahiasexirentacar.com\/pl\/tani-wynajem-samochodow-benalmadena\/#Zamek_Colomares\" >Zamek Colomares<\/a><\/li><li class='ez-toc-page-1 ez-toc-heading-level-3'><a class=\"ez-toc-link ez-toc-heading-15\" href=\"https:\/\/bahiasexirentacar.com\/pl\/tani-wynajem-samochodow-benalmadena\/#Kosciol_Santo_Domingo\" >Ko\u015bci\u00f3\u0142 Santo Domingo<\/a><\/li><li class='ez-toc-page-1 ez-toc-heading-level-3'><a class=\"ez-toc-link ez-toc-heading-16\" href=\"https:\/\/bahiasexirentacar.com\/pl\/tani-wynajem-samochodow-benalmadena\/#Stupa_Swiatel\" >Stupa \u015awiate\u0142<\/a><\/li><li class='ez-toc-page-1 ez-toc-heading-level-3'><a class=\"ez-toc-link ez-toc-heading-17\" href=\"https:\/\/bahiasexirentacar.com\/pl\/tani-wynajem-samochodow-benalmadena\/#Historyczne_centrum_Benalmadeny_Pueblo\" >Historyczne centrum Benalm\u00e1deny Pueblo<\/a><\/li><li class='ez-toc-page-1 ez-toc-heading-level-3'><a class=\"ez-toc-link ez-toc-heading-18\" href=\"https:\/\/bahiasexirentacar.com\/pl\/tani-wynajem-samochodow-benalmadena\/#Corka_Benalmadeny\" >C\u00f3rka Benalm\u00e1deny<\/a><\/li><li class='ez-toc-page-1 ez-toc-heading-level-3'><a class=\"ez-toc-link ez-toc-heading-19\" href=\"https:\/\/bahiasexirentacar.com\/pl\/tani-wynajem-samochodow-benalmadena\/#Zamek_Bil_Bil\" >Zamek Bil Bil<\/a><\/li><\/ul><\/li><li class='ez-toc-page-1 ez-toc-heading-level-2'><a class=\"ez-toc-link ez-toc-heading-20\" href=\"https:\/\/bahiasexirentacar.com\/pl\/tani-wynajem-samochodow-benalmadena\/#Zabierz_tani_samochod_do_wynajecia_w_Benalmadena_i_zjedz_najlepsze_jedzenie\" >Zabierz tani samoch\u00f3d do wynaj\u0119cia w Benalmadena i zjedz najlepsze jedzenie!<\/a><\/li><li class='ez-toc-page-1 ez-toc-heading-level-2'><a class=\"ez-toc-link ez-toc-heading-21\" href=\"https:\/\/bahiasexirentacar.com\/pl\/tani-wynajem-samochodow-benalmadena\/#Czy_chcialbys_odwiedzic_Benalmadena_na_Boze_Narodzenie\" >Czy chcia\u0142by\u015b odwiedzi\u0107 Benalmadena na Bo\u017ce Narodzenie?<\/a><\/li><li class='ez-toc-page-1 ez-toc-heading-level-2'><a class=\"ez-toc-link ez-toc-heading-22\" href=\"https:\/\/bahiasexirentacar.com\/pl\/tani-wynajem-samochodow-benalmadena\/#Czy_korzystasz_z_taniego_samochodu_w_Benalmadena\" >Czy korzystasz z taniego samochodu w Benalmadena?<\/a><\/li><\/ul><\/nav><\/div>\n<h2><span class=\"ez-toc-section\" id=\"Dlaczego_warto_zarezerwowac_u_nas\"><\/span><b>Dlaczego warto zarezerwowa\u0107 u nas?<\/b><span class=\"ez-toc-section-end\"><\/span><\/h2>\n<p><span style=\"font-weight: 400;\">Je\u015bli zastanawiasz si\u0119, dlaczego warto zarezerwowa\u0107 samoch\u00f3d w Bahia Sexi Rent a car:<\/span><\/p>\n<p><span style=\"font-weight: 400;\">kliknij ten<\/span><span style=\"font-weight: 400;\"> link,<\/span><span style=\"font-weight: 400;\"> a znajdziesz odpowiedzi.<\/span><\/p>\n<p><span style=\"font-weight: 400;\">\u00a0<\/span><\/p>\n<h2><span class=\"ez-toc-section\" id=\"Odbierz_swoj_niedrogi_samochod_do_wynajecia_w_Benalmadenie_i_poznaj_historie_miasta\"><\/span><b>Odbierz sw\u00f3j niedrogi samoch\u00f3d do wynaj\u0119cia w Benalmadenie i poznaj histori\u0119 miasta!<\/b><span class=\"ez-toc-section-end\"><\/span><\/h2>\n<p><span style=\"font-weight: 400;\">Pierwsze osady, o kt\u00f3rych wspominamy w Benalm\u00e1denie, pochodz\u0105 z p\u00f3\u017anego g\u00f3rnego paleolitu, jak mo\u017cna wywnioskowa\u0107 ze szcz\u0105tk\u00f3w znalezionych w niekt\u00f3rych jaskiniach gminy (Cuevas del Toro, Los Botijos lub La Zorrera).<\/span><\/p>\n<p><span style=\"font-weight: 400;\">Fenicjanie przybyli na te wybrze\u017ca w VII i VIII wieku pne, daj\u0105c pocz\u0105tek wymianie kultur skupionych na technikach rolniczych, hodowli zwierz\u0105t i handlu.<\/span><\/p>\n<p><span style=\"font-weight: 400;\">Dowodem na to s\u0105 pozosta\u0142o\u015bci kolonii fenickich w mie\u015bcie.<\/span><\/p>\n<p><span style=\"font-weight: 400;\">P\u00f3\u017aniej przybyli Rzymianie, kt\u00f3rych wiele \u015blad\u00f3w pozostaje w przybrze\u017cnych obszarach Benalmadeny.<\/span><\/p>\n<p><span style=\"font-weight: 400;\">Szczeg\u00f3lne znaczenie maj\u0105 ruiny fabryki solenia w regionie Benal-Roma oraz pozosta\u0142o\u015bci innych willi i obiekt\u00f3w rybackich w regionach Torremuelle i Capellan\u00eda.<\/span><\/p>\n<p><span style=\"font-weight: 400;\">Po okresie, w kt\u00f3rym do Benalm\u00e1deny przesz\u0142y r\u00f3\u017cne kultury, nast\u0105pi\u0142o przybycie Arab\u00f3w, kt\u00f3rym nadano nazw\u0119 gminy.<\/span><\/p>\n<p><span style=\"font-weight: 400;\">Przypisuje si\u0119 mu ten sam arabski d\u017awi\u0119k \u201eBen al Madina\u201d, co oznacza \u201eDzieci kopalni\u201d.<\/span><\/p>\n<p><span style=\"font-weight: 400;\">Mo\u017ce to wynika\u0107 z istnienia szeregu kopal\u0144 na terenie, z kt\u00f3rego by\u0142 wydobywany od czas\u00f3w Fenicjan, rudy \u017celaza i przede wszystkim innych.<\/span><\/p>\n<p><span style=\"font-weight: 400;\">Jednak po odzyskaniu miasta przez chrze\u015bcijan mamy do czynienia z mrocznym okresem w historii miasta, gdy\u017c strefa ta jest praktycznie wyludniona przez strach mieszka\u0144c\u00f3w przed atakami morza.<\/span><\/p>\n<p><span style=\"font-weight: 400;\">Kilkakrotnie badane jest ponowne zaludnienie gminy, ale wszystko z niewielkim lub \u017cadnym sukcesem.<\/span><\/p>\n<p><span style=\"font-weight: 400;\">Dopiero w XVIII w. Region zacz\u0105\u0142 odzyskiwa\u0107 pewn\u0105 normalno\u015b\u0107 pod wzgl\u0119dem osadnictwa, co po cz\u0119\u015bci wynika z powstania kilku papierni (cztery papiernie bia\u0142e i dwie papiernie br\u0105zowe). ) i stabilizacja spo\u0142eczna.<\/span><\/p>\n<p><span style=\"font-weight: 400;\">Rozkwit tej bran\u017cy trwa\u0142 oko\u0142o dwudziestu lat i by\u0142 kontynuowany u progu XIX wieku wraz z osiedlaniem si\u0119 prac rolniczych, w szczeg\u00f3lno\u015bci winoro\u015bli, kt\u00f3ra sta\u0142a si\u0119 monokultur\u0105 w ca\u0142ym regionie.<\/span><\/p>\n<p><span style=\"font-weight: 400;\">Na pocz\u0105tku XX wieku plaga filoksery spowodowa\u0142a utrat\u0119 wszystkich upraw i znaczny upadek gospodarczy.<\/span><\/p>\n<p><span style=\"font-weight: 400;\">\u00a0<\/span><\/p>\n<p><span style=\"font-weight: 400;\">W ci\u0105gu tych lat nast\u0119puje systematyczne niszczenie dawnych fortyfikacji i zamku Benalm\u00e1dena (kt\u00f3ry zajmowa\u0142 obecne miejsce Benalm\u00e1dena Pueblo Wall), tak \u017ce prawie \u017cadne fizyczne pozosta\u0142o\u015bci z tamtych czas\u00f3w nie przetrwa\u0142y do \u200b\u200bdzi\u015b.<\/span><\/p>\n<p><span style=\"font-weight: 400;\">Symbolem miasta jest dziewczyna z br\u0105zu, znana jako \u201eLittle Girl of Benalm\u00e1dena\u201d, kt\u00f3ra od ko\u0144ca lat 60. ubieg\u0142ego wieku stoi spokojnie na Plaza de Espa\u00f1a.<\/span><\/p>\n<p><span style=\"font-weight: 400;\">Praca Jaime&#8217;a Pimentela przewidywa\u0142a odrodzenie si\u0119 lokalnej gospodarki i jej zwi\u0105zek z turystyk\u0105 i bardziej mi\u0119dzynarodow\u0105 kultur\u0105, poniewa\u017c zosta\u0142a pierwotnie wyrze\u017abiona do nagrody na mi\u0119dzynarodowym festiwalu filmowym.<\/span><\/p>\n<p><span style=\"font-weight: 400;\">Przepowiednia, kt\u00f3ra zostanie p\u00f3\u017aniej potwierdzona przez partnerstwo ze s\u0142ynn\u0105 rze\u017ab\u0105 Manekken Pis w Brukseli.<\/span><\/p>\n<p><span style=\"font-weight: 400;\">Obecno\u015b\u0107 kilku narodowo\u015bci w gminie czasami generuje osobliwe kontrasty, takie jak przedstawienie M\u0119ki Pa\u0144skiej na ulicach czy mo\u017cliwo\u015b\u0107 uczestniczenia w obchodach zako\u0144czenia II wojny \u015bwiatowej, gdy\u017c w Benalm\u00e1denie dzia\u0142a grupa weteran\u00f3w legion brytyjski.<\/span><\/p>\n<p><span style=\"font-weight: 400;\">Wie\u015b Benalm\u00e1dena wznosi si\u0119 na 280 metr\u00f3w nad poziomem morza, stanowi\u0105c wyj\u0105tkowy punkt widokowy na wybrze\u017ce, kt\u00f3re, jak ju\u017c powiedzieli\u015bmy, by\u0142o w czasach monarch\u00f3w katolickich \u201eVigia de la Costa\u201d, z wie\u017ce Docku i Quebrady.<\/span><\/p>\n<p><span style=\"font-weight: 400;\">Z placu ko\u015bcielnego mo\u017cna zobaczy\u0107, jak miasto i wa\u017cny rozw\u00f3j miejskiego centrum Benalm\u00e1dena Costa czy stare gospodarstwo rolne Arroyo de la Miel, od nazwy kt\u00f3rej wzi\u0119\u0142a si\u0119 stara cukrownia, kt\u00f3ra istnia\u0142a w XVIII wieku.<\/span><\/p>\n<p><span style=\"font-weight: 400;\">Taka sytuacja sprawia, \u017ce \u200b\u200bmiasto zachowuje najbardziej tradycyjn\u0105 architektur\u0119, z w\u0105skimi uliczkami i bia\u0142ymi domami.<\/span><\/p>\n<p><span style=\"font-weight: 400;\">Wielki rozw\u00f3j turystyczny regionu zapewni\u0142 Benalm\u00e1denie bardzo wa\u017cn\u0105 infrastruktur\u0119 i us\u0142ugi.<\/span><\/p>\n<p><span style=\"font-weight: 400;\">Ma wi\u0119c jeden z najwi\u0119kszych port\u00f3w turystycznych na wybrze\u017cu (Puerto Marina), jeden z pierwszych park\u00f3w rozrywki wybudowanych w Hiszpanii (Tivoli Word) czy jedno z najs\u0142ynniejszych kasyn w regionie (Casino Torrequebrada, otwarte w 1980 roku).<\/span><\/p>\n<p><span style=\"font-weight: 400;\">Ale przechowuje r\u00f3wnie\u017c ukryte skarby, takie jak muzeum archeologiczne, w kt\u00f3rym od 1970 roku wystawiono wspania\u0142\u0105 kolekcj\u0119 eksponat\u00f3w prekolumbijskich, kt\u00f3ra zaczyna si\u0119 od dziedzictwa, kt\u00f3re D. Felipe Orlando otrzyma\u0142 od swojego dziadka.<\/span><\/p>\n<p><span style=\"font-weight: 400;\">I to dlatego, \u017ce ten Meksykanin pochodzenia hiszpa\u0144skiego odziedziczy\u0142 du\u017c\u0105 liczb\u0119 fragment\u00f3w z prekolumbijskich stanowisk archeologicznych, a kiedy przyby\u0142 do Hiszpanii i pozosta\u0142 w tym mie\u015bcie, odm\u00f3wi\u0142 ich sprzeda\u017cy i wykona\u0142. przekazuj\u0105 darowizn\u0119 z jedynym \u017cyczeniem, \u017ce by to zrobili. by\u0107 wystawiane w danej lokalizacji.<\/span><\/p>\n<p><span style=\"font-weight: 400;\">Wraz z rozbudzeniem zainteresowania archeologicznego, w jaskiniach Sierra de Mijas odkryto pozosta\u0142o\u015bci osad neolitycznych lub fragmenty znalezione u wybrze\u017cy, kt\u00f3re r\u00f3wnie\u017c maj\u0105 swoje miejsce w muzeum, takie jak pos\u0105g \u201eDiany Cazadora\u201d.<\/span><\/p>\n<p><span style=\"font-weight: 400;\">Kolejn\u0105 ciekawostk\u0105 tego miasta jest zamek Colomares, kt\u00f3ry zacz\u0119to budowa\u0107 w 1987 roku z inicjatywy D. Estebana Mart\u00edna, w ho\u0142dzie Kolumbowi.<\/span><\/p>\n<p><span style=\"font-weight: 400;\">Ten zamek, z niezwyk\u0142ym widokiem na morze, ma architektur\u0119 \u0142\u0105cz\u0105c\u0105 elementy mudejar, gotyckie i renesansowe.<\/span><\/p>\n<p><span style=\"font-weight: 400;\">Jest te\u017c zamek Bil-Bil, kt\u00f3ry pierwotnie by\u0142 domem osoby prywatnej, kt\u00f3ra chcia\u0142a nada\u0107 mu wygl\u0105d zamku nad morzem.<\/span><\/p>\n<p><span style=\"font-weight: 400;\">Kr\u00f3tko m\u00f3wi\u0105c, w Benalm\u00e1denie znajdziemy dwie bardzo zr\u00f3\u017cnicowane mo\u017cliwo\u015bci: mo\u017cliwo\u015b\u0107 podziwiania typowego andaluzyjskiego miasta, bia\u0142ego, z w\u0105skimi i stromymi uliczkami; lub znajd\u017a najbardziej zmodernizowan\u0105 twarz, z pla\u017c\u0105 i wypoczynkiem.<\/span><\/p>\n<h2><span class=\"ez-toc-section\" id=\"Ale_jaka_bylaby_pogoda_kiedy_wynajmujesz_tani_samochod_w_Benalmadenie\"><\/span><b>Ale jaka by\u0142aby pogoda, kiedy wynajmujesz tani samoch\u00f3d w Benalmadenie?<\/b><span class=\"ez-toc-section-end\"><\/span><\/h2>\n<p><span style=\"font-weight: 400;\">Ok, teraz, gdy ju\u017c znasz miasto, zastan\u00f3wmy si\u0119 nad pogod\u0105 i dok\u0105d mo\u017cesz si\u0119 wybra\u0107 z tanim samochodem do wynaj\u0119cia w Benalmadenie.<\/span><\/p>\n<h3><span class=\"ez-toc-section\" id=\"Temperatury\"><\/span><b>Temperatury:<\/b><span class=\"ez-toc-section-end\"><\/span><\/h3>\n<p><span style=\"font-weight: 400;\">Klimat, kt\u00f3ry cieszymy si\u0119 w Benalm\u00e1denie, jest typowo \u015br\u00f3dziemnomorski, z \u0142agodnymi temperaturami przez ca\u0142y rok i praktycznie wolnym od mrozu w zimnych miesi\u0105cach.<\/span><\/p>\n<p><span style=\"font-weight: 400;\">Ponadto, ochrona, jak\u0105 pasmo g\u00f3rskie Benalm\u00e1dena zapewnia wiatrom z p\u00f3\u0142nocy, tworzy \u015brodowisko, w kt\u00f3rym temperatura w s\u0105siednich gminach wynosi zwykle od 1 do 2 stopni.<\/span><\/p>\n<p><span style=\"font-weight: 400;\">Poni\u017cej wykres przedstawiaj\u0105cy ewolucj\u0119 temperatur w ci\u0105gu roku.<\/span><\/p>\n<h3><span class=\"ez-toc-section\" id=\"Opady\"><\/span><b>Opady:<\/b><span class=\"ez-toc-section-end\"><\/span><\/h3>\n<p><span style=\"font-weight: 400;\">Termin miejski jest podzielony na podwilgotno\u015b\u0107 Malagi, z rekordow\u0105 warto\u015bci\u0105 mi\u0119dzy 600 a 700 mm, kt\u00f3ra obejmowa\u0142aby obszar g\u00f3rski gminy.<\/span><\/p>\n<p><span style=\"font-weight: 400;\">I M\u00e1laga Seca, kt\u00f3ra w Benalm\u00e1denie oscyluje mi\u0119dzy 500 a 600 mm, sektor, w kt\u00f3rym znajduj\u0105 si\u0119 trzy rdzenie: Benalm\u00e1dena Pueblo, Arroyo de la Miel i Benalm\u00e1dena Costa.<\/span><\/p>\n<h2><span class=\"ez-toc-section\" id=\"Przyjdz_i_poznaj_5_najlepszych_restauracji_w_Benalmadenie\"><\/span><b>Przyjd\u017a i poznaj 5 najlepszych restauracji w Benalmadenie<\/b><span class=\"ez-toc-section-end\"><\/span><\/h2>\n<h3><span class=\"ez-toc-section\" id=\"Lime_Lemon\"><\/span><b>Lime &amp; Lemon<\/b><span class=\"ez-toc-section-end\"><\/span><\/h3>\n<p><span style=\"font-weight: 400;\">To dobra restauracja na promenadzie z przyjemnym tarasem. Dzi\u0119ki temu b\u0119dziesz cieszy\u0107 si\u0119 smacznym posi\u0142kiem i wspania\u0142ym widokiem na morze. Oferuje kreatywny wyb\u00f3r pysznych tapas i da\u0144.<\/span><\/p>\n<h3><span class=\"ez-toc-section\" id=\"Fama_Tapas_Bar\"><\/span><b>Fama Tapas Bar<\/b><span class=\"ez-toc-section-end\"><\/span><\/h3>\n<p><span style=\"font-weight: 400;\">Je\u015bli chcesz skosztowa\u0107 pysznych i oryginalnych tapas, Fama Bar jest Twoim miejscem. Nad samym morzem mo\u017cna delektowa\u0107 si\u0119 wy\u015bmienitym posi\u0142kiem, podziwiaj\u0105c widoki na t\u0119tni\u0105c\u0105 \u017cyciem promenad\u0119 Benalmadeny.<\/span><\/p>\n<h3><span class=\"ez-toc-section\" id=\"Karma\"><\/span><b>Karma<\/b><span class=\"ez-toc-section-end\"><\/span><\/h3>\n<p><span style=\"font-weight: 400;\">Ta restauracja s\u0142ynie z jako\u015bci jedzenia i obs\u0142ugi. To \u015bwietne miejsce do sp\u0119dzenia mi\u0142o czasu w gronie przyjaci\u00f3\u0142. Specjalno\u015bci\u0105 lokalu s\u0105 ryby i paella. Ale mi\u0119so te\u017c jest pyszne.<\/span><\/p>\n<h3><span class=\"ez-toc-section\" id=\"Vinoteca_Moncloa\"><\/span><b>Vinoteca Moncloa<\/b><span class=\"ez-toc-section-end\"><\/span><\/h3>\n<p><span style=\"font-weight: 400;\">Znajduje si\u0119 w centrum miasta. To \u015bwietne miejsce na spr\u00f3bowanie hiszpa\u0144skich win i pysznych tapas. Poza tym jest to jeden z niewielu bar\u00f3w w Benalmadenie, w kt\u00f3rym do wina podawane s\u0105 bezp\u0142atne tapas. Personel jest bardzo uprzejmy i uprzejmy.<\/span><\/p>\n<h3><span class=\"ez-toc-section\" id=\"Toro_Puerto_Marina\"><\/span><b>Toro Puerto Marina<\/b><span class=\"ez-toc-section-end\"><\/span><\/h3>\n<p><span style=\"font-weight: 400;\">W s\u0142ynnej przystani Benalmadena mo\u017cna zam\u00f3wi\u0107 pyszny posi\u0142ek w ekskluzywnej atmosferze mariny. Specjalno\u015bci\u0105 lokalu s\u0105 typowo hiszpa\u0144skie dania, takie jak we corquetas, gambas al pilpil itp.<\/span><\/p>\n<h2><span class=\"ez-toc-section\" id=\"Odkryj_gastronomie_Benalmadeny\"><\/span><b>Odkryj gastronomi\u0119 Benalmadeny<\/b><span class=\"ez-toc-section-end\"><\/span><\/h2>\n<p><span style=\"font-weight: 400;\">Poniewa\u017c w gastronomii Benalmadeny mo\u017cemy odkry\u0107 typowe dla Andaluzji jedzenie. Ale koncentruje si\u0119 r\u00f3wnie\u017c na owocach morza, takich jak \u201epesca\u00edto frito\u201d (sma\u017cona ryba), owoce morza, dania z ry\u017cu\u2026niejeden<\/span><\/p>\n<p><span style=\"font-weight: 400;\">S\u0105 to dania, kt\u00f3rychb\u0119dzie chcia\u0142 spr\u00f3bowa\u0107.<\/span><\/p>\n<p><span style=\"font-weight: 400;\">Przede wszystkim odkryjemy dwa typowe dania tylko z regionu Benalm\u00e1dena:<\/span><\/p>\n<ul>\n<li style=\"font-weight: 400;\" aria-level=\"1\"><span style=\"font-weight: 400;\">cocotte de cachorre\u00f1a<\/span><\/li>\n<li style=\"font-weight: 400;\" aria-level=\"1\"><span style=\"font-weight: 400;\">okruchy mleka,<\/span><\/li>\n<\/ul>\n<p><span style=\"font-weight: 400;\">kt\u00f3re mo\u017cna znale\u017a\u0107 w niekt\u00f3rych restauracjach Benalm\u00e1deny.<\/span><\/p>\n<p><span style=\"font-weight: 400;\">Jednak gastronomia, kt\u00f3ra przyci\u0105ga i jest znana na ca\u0142ym \u015bwiecie, to andaluzyjska kuchnia Malagi, a poniewa\u017c Benalm\u00e1dena jest miastem nadmorskim, kuchnia koncentruje si\u0119 na owocach morza.<\/span><\/p>\n<ul>\n<li style=\"font-weight: 400;\" aria-level=\"1\"><span style=\"font-weight: 400;\">W tym sensie, co triompheplus s\u0105:<\/span><\/li>\n<li style=\"font-weight: 400;\" aria-level=\"1\"><span style=\"font-weight: 400;\">sardynki szasz\u0142yki<\/span><\/li>\n<li style=\"font-weight: 400;\" aria-level=\"1\"><span style=\"font-weight: 400;\">z \u201ePescaito frito\u201d (sma\u017cone ryby)<\/span><\/li>\n<li style=\"font-weight: 400;\" aria-level=\"1\"><span style=\"font-weight: 400;\">m\u0105twy ouseiches<\/span><\/li>\n<li style=\"font-weight: 400;\" aria-level=\"1\"><span style=\"font-weight: 400;\">krewetek<\/span><\/li>\n<li style=\"font-weight: 400;\" aria-level=\"1\"><span style=\"font-weight: 400;\">Coquinas<\/span><\/li>\n<li style=\"font-weight: 400;\" aria-level=\"1\"><span style=\"font-weight: 400;\">ma\u0142\u017cy<\/span><\/li>\n<li style=\"font-weight: 400;\" aria-level=\"1\"><span style=\"font-weight: 400;\">shrimproses<\/span><\/li>\n<li style=\"font-weight: 400;\" aria-level=\"1\"><\/li>\n<li style=\"font-weight: 400;\" aria-level=\"1\"><span style=\"font-weight: 400;\">policjant\u00f3w<\/span><\/li>\n<\/ul>\n<p><span style=\"font-weight: 400;\">i niesko\u0144czon\u0105 liczb\u0119 produkt\u00f3w, kt\u00f3re ferontvotre waterDoing ustach.<\/span><\/p>\n<p><span style=\"font-weight: 400;\">Nie mo\u017cemy te\u017c zapomnie\u0107 o ry\u017cu. Mi\u0142o\u015bnicy ry\u017cu b\u0119d\u0105 mogli delektowa\u0107 si\u0119 autentycznymi specja\u0142ami z paelli:<\/span><\/p>\n<ul>\n<li style=\"font-weight: 400;\" aria-level=\"1\"><span style=\"font-weight: 400;\">owocami morza<\/span><\/li>\n<li style=\"font-weight: 400;\" aria-level=\"1\"><span style=\"font-weight: 400;\">paella auxmixta,<\/span><\/li>\n<li style=\"font-weight: 400;\" aria-level=\"1\"><span style=\"font-weight: 400;\">czarnym ry\u017cem<\/span><\/li>\n<li style=\"font-weight: 400;\" aria-level=\"1\"><span style=\"font-weight: 400;\">z homarem<\/span><\/li>\n<\/ul>\n<p><span style=\"font-weight: 400;\">i wieloma innymi opcjami, w\u0142a\u015bnie przyje\u017cd\u017caj\u0105c do Benalm\u00e1deny.<\/span><\/p>\n<p><span style=\"font-weight: 400;\">Przed tym wszystkim koniecznie trzeba zje\u015b\u0107 dobr\u0105 przystawk\u0119: sa\u0142atki, porra antequerana, gazpacho, bia\u0142y czosnek, szynk\u0119 iberyjsk\u0105 czy sa\u0142atk\u0119 z malageny.<\/span><\/p>\n<p><span style=\"font-weight: 400;\">Podsumowuj\u0105c, mo\u017cemy powiedzie\u0107, \u017ce Benalm\u00e1dena oferuje w swoich restauracjach wy\u015bmienit\u0105 r\u00f3\u017cnorodno\u015b\u0107 kulinarn\u0105, kt\u00f3rej trzeba spr\u00f3bowa\u0107. Jeste\u015bmy pewni, \u017ce niejeden ma ju\u017c pragnienie, kt\u00f3re chce st\u0142umi\u0107.<\/span><\/p>\n<h2><span class=\"ez-toc-section\" id=\"Zabytki_ktore_warto_odwiedzic_wynajmujac_tani_samochod_w_Benalmadenie\"><\/span><b>Zabytki, kt\u00f3re warto odwiedzi\u0107, wynajmuj\u0105c tani samoch\u00f3d w Benalmadenie.<\/b><span class=\"ez-toc-section-end\"><\/span><\/h2>\n<p><span style=\"font-weight: 400;\">Jed\u017amy po mie\u015bcie z tani\u0105 wypo\u017cyczalni\u0105 samochod\u00f3w Benalmadena i znajd\u017a pi\u0119kne miejsca do odwiedzenia.<\/span><\/p>\n<h3><span class=\"ez-toc-section\" id=\"Zamek_Colomares\"><\/span><b>Zamek Colomares<\/b><span class=\"ez-toc-section-end\"><\/span><\/h3>\n<p><span style=\"font-weight: 400;\">Chocia\u017c ma kszta\u0142t zamku, jest naprawd\u0119 pomnikiem po\u015bwi\u0119conym Krzysztofowi Kolumbowi i przybyciu do Nowego \u015awiata, w ho\u0142dzie odkryciu Ameryki.<\/span><\/p>\n<p><span style=\"font-weight: 400;\">Znajduje si\u0119 w Benalm\u00e1dena Pueblo, zosta\u0142 zbudowany w latach 1987-1994.<\/span><\/p>\n<p><span style=\"font-weight: 400;\">Istniej\u0105 r\u00f3\u017cne style architektoniczne rozwini\u0119te z ceg\u0142y, betonu, kamienia naturalnego lub drewna. Wewn\u0105trz ma witra\u017ce o wielkiej urodzie.<\/span><\/p>\n<h3><span class=\"ez-toc-section\" id=\"Kosciol_Santo_Domingo\"><\/span><b>Ko\u015bci\u00f3\u0142 Santo Domingo<\/b><span class=\"ez-toc-section-end\"><\/span><\/h3>\n<p><span style=\"font-weight: 400;\">Jest to najstarszy ko\u015bci\u00f3\u0142 w gminie Benalm\u00e1dena i znajduje si\u0119 w Benalm\u00e1dena Pueblo, zajmuj\u0105c obszar, na kt\u00f3rym miasto narodzi\u0142o si\u0119 historycznie, w uprzywilejowanym punkcie widokowym z widokiem na du\u017c\u0105 cz\u0119\u015b\u0107 wybrze\u017ca.<\/span><\/p>\n<p><span style=\"font-weight: 400;\">Aby dosta\u0107 si\u0119 do tego ko\u015bcio\u0142a, istniej\u0105 dwie mo\u017cliwo\u015bci: przej\u015b\u0107 przez deptaki Benalm\u00e1dena Pueblo lub skorzysta\u0107 z bezp\u0142atnej windy, kt\u00f3ra odje\u017cd\u017ca z parkingu znajduj\u0105cego si\u0119 w okolicy El Chorrillo.<\/span><\/p>\n<h3><span class=\"ez-toc-section\" id=\"Stupa_Swiatel\"><\/span><b>Stupa \u015awiate\u0142<\/b><span class=\"ez-toc-section-end\"><\/span><\/h3>\n<p><span style=\"font-weight: 400;\">Znajduje si\u0119 na szczycie Benalm\u00e1dena Pueblo i jest najwi\u0119ksz\u0105 buddyjsk\u0105 stup\u0105 zachodniego \u015bwiata.<\/span><\/p>\n<p><span style=\"font-weight: 400;\">Jest zwie\u0144czony z\u0142otym sto\u017ckiem, kt\u00f3ry mo\u017cna zobaczy\u0107 z ca\u0142ego przybrze\u017cnego pasa \u0142\u0105cz\u0105cego Benalm\u00e1dena i Fuengirola.<\/span><\/p>\n<p><span style=\"font-weight: 400;\">To buddyjski pomnik pokoju, dobrobytu i harmonii na \u015bwiecie.<\/span><\/p>\n<h3><span class=\"ez-toc-section\" id=\"Historyczne_centrum_Benalmadeny_Pueblo\"><\/span><b>Historyczne centrum Benalm\u00e1deny Pueblo<\/b><span class=\"ez-toc-section-end\"><\/span><\/h3>\n<p><span style=\"font-weight: 400;\">Znajduje si\u0119 w g\u00f3rach, oko\u0142o 300 metr\u00f3w nad poziomem morza i jest oryginalnym miejskim centrum Benalm\u00e1deny, kt\u00f3re zachowa\u0142o swoj\u0105 star\u0105, typow\u0105 andaluzyjsk\u0105 struktur\u0119 wioski.<\/span><\/p>\n<p><span style=\"font-weight: 400;\">W tym miejscu pierwotnie znajdowa\u0142 si\u0119 zamek i forteca, w kt\u00f3rej znajdowa\u0142y si\u0119 domy miasta, a niekt\u00f3re pozosta\u0142o\u015bci znajduj\u0105 si\u0119 w regionie El Muro.<\/span><\/p>\n<h3><span class=\"ez-toc-section\" id=\"Corka_Benalmadeny\"><\/span><b>C\u00f3rka Benalm\u00e1deny<\/b><span class=\"ez-toc-section-end\"><\/span><\/h3>\n<p><span style=\"font-weight: 400;\">Jest to rze\u017aba z br\u0105zu zaprojektowana przez rze\u017abiarza Jaime&#8217;a Pimentela, kt\u00f3ra sta\u0142a si\u0119 symbolem gminy. Jest cz\u0119\u015bci\u0105 g\u0142\u00f3wnego \u017ar\u00f3d\u0142a Plaza de Espa\u00f1a w Benalm\u00e1dena Pueblo.<\/span><\/p>\n<h3><span class=\"ez-toc-section\" id=\"Zamek_Bil_Bil\"><\/span><b>Zamek Bil Bil<\/b><span class=\"ez-toc-section-end\"><\/span><\/h3>\n<p><span style=\"font-weight: 400;\">Jest to budynek w stylu arabskim ozdobiony azulejos i p\u0142askorze\u017abami tradycji Nasrid, otoczony ogrodami, w kt\u00f3rych znajduje si\u0119 kilka \u017ar\u00f3de\u0142 muzu\u0142ma\u0144skiej inspiracji.<\/span><\/p>\n<p><span style=\"font-weight: 400;\">Zosta\u0142 zbudowany na pocz\u0105tku XX wieku w Benalm\u00e1dena Costa jako wiejska willa dla zamo\u017cnej rodziny, aw 1980 r. Ratusz naby\u0142 go jako obiekt kulturalny, w kt\u00f3rym odbywaj\u0105 si\u0119 wystawy, koncerty i konferencje.<\/span><\/p>\n<p><span style=\"font-weight: 400;\">Ciekawostk\u0105 jest fakt, \u017ce jest to budynek publiczny, w kt\u00f3rym w ca\u0142ej prowincji Malaga zawieranych jest wi\u0119cej \u015blub\u00f3w cywilnych.<\/span><\/p>\n<h2><span class=\"ez-toc-section\" id=\"Zabierz_tani_samochod_do_wynajecia_w_Benalmadena_i_zjedz_najlepsze_jedzenie\"><\/span><b>Zabierz tani samoch\u00f3d do wynaj\u0119cia w Benalmadena i zjedz najlepsze jedzenie!<\/b><span class=\"ez-toc-section-end\"><\/span><\/h2>\n<p><span style=\"font-weight: 400;\">Gastronomia Benalm\u00e1deny jest typowo andaluzyjska, ale koncentruje si\u0119 na owocach morza, \u201esma\u017conej rybie\u201d, owocach morza, daniach z ry\u017cu\u2026 Pyszne dania, kt\u00f3re stan\u0105 si\u0119 atrakcyjniejsz\u0105 wym\u00f3wk\u0105 do odwiedzenia Benalm\u00e1deny.<\/span><\/p>\n<p><span style=\"font-weight: 400;\">Najpierw zaczniemy od dw\u00f3ch typowych da\u0144 tylko z regionu Benalm\u00e1dena; zapiekanka z cachorre\u00f1a i okruchy mleka.<\/span><\/p>\n<p><span style=\"font-weight: 400;\">W niekt\u00f3rych z najbardziej tradycyjnych restauracji w mie\u015bcie, a tak\u017ce w niekt\u00f3rych barach w Twoim \u017cyciu, mo\u017cesz je bez trudu znale\u017a\u0107.<\/span><\/p>\n<p><span style=\"font-weight: 400;\">Jednak kuchnia, kt\u00f3ra uwodzi i jest znana na ca\u0142ym \u015bwiecie, to kuchnia malgowsko-andaluzyjska, a poniewa\u017c Benalm\u00e1dena to g\u0142\u00f3wnie pla\u017ca, kuchnia oparta na owocach morza.<\/span><\/p>\n<p><span style=\"font-weight: 400;\">Sma\u017cone sardynki, &#8220;pescaito&#8221; (chopitos, boquerones, chipirones, puntillitas, calamaritos), kalmary lub m\u0105twy, krewetki, coquina, ma\u0142\u017ce, krewetki, krewetki, karabinery, dorada, labraks, r\u00f3\u017ca i d\u0142uga itp.<\/span><\/p>\n<p><span style=\"font-weight: 400;\">Ponadto ry\u017c zakochani maj\u0105 okazj\u0119 spr\u00f3bowa\u0107 specja\u0142\u00f3w jednego z najlepszych specjalist\u00f3w z Costa del Sol; paella z owocami morza, paella mieszana, czarny ry\u017c, ry\u017c z homarem i wiele innych opcji.<\/span><\/p>\n<p><span style=\"font-weight: 400;\">Nie mo\u017cna zapomnie\u0107 o przystawkach: sa\u0142atkach, antequerana werandzie, gazpacho, bia\u0142ym czosnku, szynce iberyjskiej czy sa\u0142atce Malaga.<\/span><\/p>\n<p><span style=\"font-weight: 400;\">Kr\u00f3tko m\u00f3wi\u0105c, ze wzgl\u0119du na jako\u015b\u0107, r\u00f3\u017cnorodno\u015b\u0107 i ilo\u015b\u0107 nie b\u0119dziesz musia\u0142 narzeka\u0107 na kulinarne przysmaki, kt\u00f3re ma do zaoferowania Benalm\u00e1dena.<\/span><\/p>\n<p><span style=\"font-weight: 400;\">Najbardziej charakterystycznymi potrawami gastronomii Benalm\u00e1deny, kt\u00f3rych nie mo\u017cna przesta\u0107 pr\u00f3bowa\u0107 odwiedzaj\u0105c gmin\u0119, s\u0105 migas con leche, sardynka, zapiekanka cachorre\u00f1a i sma\u017cona ryba.<\/span><\/p>\n<p><span style=\"font-weight: 400;\">Znajdziesz je w jednym z trzech skupisk ludno\u015bci: Benalm\u00e1dena Pueblo, Benalm\u00e1dena Costa i Arroyo de la Miel.<\/span><\/p>\n<p><span style=\"font-weight: 400;\">W\u015br\u00f3d sma\u017conych ryb najbardziej typowe dla tego nadmorskiego miasteczka s\u0105 sardele, ostroboki i barwena.<\/span><\/p>\n<h2><span class=\"ez-toc-section\" id=\"Czy_chcialbys_odwiedzic_Benalmadena_na_Boze_Narodzenie\"><\/span><b>Czy chcia\u0142by\u015b odwiedzi\u0107 Benalmadena na Bo\u017ce Narodzenie?<\/b><span class=\"ez-toc-section-end\"><\/span><\/h2>\n<p><span style=\"font-weight: 400;\">Benalm\u00e1dena<\/span><span style=\"font-weight: 400;\"> to t\u0119tni\u0105ce \u017cyciem miasto na wybrze\u017cu Costa del Sol, kt\u00f3re ma wiele ciekawych atrakcji, aby mi\u0142o sp\u0119dzi\u0107 czas na wakacjach. Na przyk\u0142ad mo\u017cesz odwiedzi\u0107 Selwo Marina, Mariposario, Tivoli World Theme Park itp<\/span><\/p>\n<p><span style=\"font-weight: 400;\">\u00a0. Klimat w Benalmadenie<\/span><span style=\"font-weight: 400;\"> jest fantastyczny dzi\u0119ki s\u0142o\u0144cu i \u0142agodnym temperaturom. Mo\u017cesz wi\u0119c wyj\u015b\u0107 na zewn\u0105trz prawie codziennie. W ten spos\u00f3b mo\u017cesz cieszy\u0107 si\u0119 pla\u017c\u0105 nawet w Bo\u017ce Narodzenie.<\/span><\/p>\n<p><span style=\"font-weight: 400;\">Puerto de Benalm\u00e1dena<\/span><span style=\"font-weight: 400;\"> to jedna z najlepszych marin, kt\u00f3ra ma zar\u00f3wno dzielnic\u0119 mieszkaln\u0105, jak i stref\u0119 rekreacyjn\u0105 z wieloma mi\u0119dzynarodowymi sklepami i restauracjami.<\/span><\/p>\n<h2><span class=\"ez-toc-section\" id=\"Czy_korzystasz_z_taniego_samochodu_w_Benalmadena\"><\/span><b>Czy korzystasz z taniego samochodu w Benalmadena?<\/b><span class=\"ez-toc-section-end\"><\/span><\/h2>\n<p><span style=\"font-weight: 400;\">Nie zapomnij uda\u0107 si\u0119 na pla\u017c\u0119 swoim tanim samochodem do wynaj\u0119cia w Benalmadenie. B\u0119dziesz mia\u0142 wiele mo\u017cliwo\u015bci:<\/span><\/p>\n<ul>\n<li style=\"font-weight: 400;\" aria-level=\"1\"><b>Playa Arroyo de la Miel:<\/b><span style=\"font-weight: 400;\"> Arroyo de la Miel pla\u017c\u0119 wraz z pla\u017cy Bil Bil, jest bardzo popularnym miejscem, z wysokim poziomem us\u0142ug. Znajduje si\u0119 w Arroyo de la Miel, Benalm\u00e1dena.<\/span><\/li>\n<li style=\"font-weight: 400;\" aria-level=\"1\"><b>Arroyo Hondo:<\/b><span style=\"font-weight: 400;\"> Arroyo Hondo to pla\u017ca z du\u017cym nap\u0142ywem ludzi, obok hotelu Costa Azul.<\/span><\/li>\n<li style=\"font-weight: 400;\" aria-level=\"1\"><b>Benalnatura:<\/b><span style=\"font-weight: 400;\"> Benalnatura to ma\u0142a pla\u017ca po\u0142o\u017cona na pla\u017cy Levante w Las Viborillas w Benalm\u00e1dena. Jest to jedna z<\/span>\n<ul>\n<li style=\"font-weight: 400;\" aria-level=\"2\"><span style=\"font-weight: 400;\">\u00a0nielicznych pla\u017c nudyst\u00f3w na malta\u0144skim wybrze\u017cu. Znajduje si\u0119 w ma\u0142ej zatoczce otoczonej bujn\u0105 ro\u015blinno\u015bci\u0105.<\/span><\/li>\n<li style=\"font-weight: 400;\" aria-level=\"2\"><b>Bil Bil:<\/b><span style=\"font-weight: 400;\"> Bil Bil, z pla\u017c\u0105 Arroyo de la Miel, to bardzo popularny obszar.<\/span><\/li>\n<li style=\"font-weight: 400;\" aria-level=\"2\"><span style=\"font-weight: 400;\">I wiele wi\u0119cej!!<\/span><\/li>\n<\/ul>\n<\/li>\n<li style=\"font-weight: 400;\" aria-level=\"1\"><span style=\"font-weight: 400;\">Na tym podr\u00f3\u017c si\u0119 nie ko\u0144czy, skorzystaj z taniego wynajmu samochodu w Benalmadenie i jed\u017a po mie\u015bcie, aby odkry\u0107 tajemnice tego miasta.<\/span><span style=\"font-weight: 400;\"><br \/>\n<\/span><span style=\"font-weight: 400;\">Daj nam zna\u0107, co my\u015blisz o mie\u015bcie i czy Tw\u00f3j przewodnik by\u0142 pomocny dla Ciebie i naszej wypo\u017cyczalni samochod\u00f3w. \ud83d\ude09<\/span><span style=\"font-weight: 400;\"><br \/>\n<\/span><span style=\"font-weight: 400;\">\u017byczymy udanych wakacji!<\/span><span style=\"font-weight: 400;\"><br \/>\n<\/span><\/li>\n<\/ul>\n<p><span style=\"font-weight: 400;\"> Zapraszamy do pi\u0119knego miasta Benalmadena, gdzie czekaj\u0105 na Ciebie wspania\u0142e wakacje!\u00a0<\/span><\/p>\n<p><span style=\"font-weight: 400;\">\u00a0<\/span><\/p>\n<p>&nbsp;<\/p>\n","protected":false},"excerpt":{"rendered":"<p>Je\u015bli potrzebujesz Tani wynajem samochod\u00f3w Benalmadena , nasza firma poprowadzi Ci\u0119 do najlepszych ofert i samochod\u00f3w, jakie mamy. Nie musisz szuka\u0107 dalej ani si\u0119 waha\u0107! \u00a0 Dlaczego warto zarezerwowa\u0107 u nas? Je\u015bli zastanawiasz si\u0119, dlaczego warto zarezerwowa\u0107 samoch\u00f3d w Bahia Sexi Rent a car: kliknij ten link, a znajdziesz odpowiedzi. \u00a0 Odbierz sw\u00f3j niedrogi samoch\u00f3d&#8230;<\/p>\n","protected":false},"author":9,"featured_media":0,"comment_status":"closed","ping_status":"closed","sticky":false,"template":"","format":"standard","meta":{"footnotes":""},"categories":[33],"tags":[],"class_list":["post-36557","post","type-post","status-publish","format-standard","hentry","category-bez-kategorii"],"yoast_head":"<!-- This site is optimized with the Yoast SEO Premium plugin v27.3 (Yoast SEO v27.3) - https:\/\/yoast.com\/product\/yoast-seo-premium-wordpress\/ -->\n<title>Tani wynajem samochod\u00f3w Benalmadena Bahia Sexi | Co robi\u0107<\/title>\n<meta name=\"description\" content=\"Je\u015bli szukasz Tani wynajem samochod\u00f3w w Benalmadena, jest to us\u0142uga, o kt\u00f3rej musisz wiedzie\u0107. Opowiemy Ci r\u00f3wnie\u017c o mie\u015bcie!\" \/>\n<meta name=\"robots\" content=\"index, follow, max-snippet:-1, max-image-preview:large, max-video-preview:-1\" \/>\n<link rel=\"canonical\" href=\"https:\/\/bahiasexirentacar.com\/pl\/tani-wynajem-samochodow-benalmadena\/\" \/>\n<meta property=\"og:locale\" content=\"pl_PL\" \/>\n<meta property=\"og:type\" content=\"article\" \/>\n<meta property=\"og:title\" content=\"Tani wynajem samochod\u00f3w Benalmadena Bahia Sexi | Co robi\u0107\" \/>\n<meta property=\"og:description\" content=\"Je\u015bli szukasz Tani wynajem samochod\u00f3w w Benalmadena, jest to us\u0142uga, o kt\u00f3rej musisz wiedzie\u0107. Opowiemy Ci r\u00f3wnie\u017c o mie\u015bcie!\" \/>\n<meta property=\"og:url\" content=\"https:\/\/bahiasexirentacar.com\/pl\/tani-wynajem-samochodow-benalmadena\/\" \/>\n<meta property=\"og:site_name\" content=\"Bahia Sexi Rent a Car\" \/>\n<meta property=\"article:publisher\" content=\"https:\/\/www.facebook.com\/bahiasexi\" \/>\n<meta property=\"article:published_time\" content=\"2021-03-16T17:00:01+00:00\" \/>\n<meta property=\"article:modified_time\" content=\"2025-08-14T19:55:19+00:00\" \/>\n<meta name=\"author\" content=\"Laura Rodr\u00edguez\" \/>\n<meta name=\"twitter:card\" content=\"summary_large_image\" \/>\n<meta name=\"twitter:label1\" content=\"Napisane przez\" \/>\n\t<meta name=\"twitter:data1\" content=\"Laura Rodr\u00edguez\" \/>\n\t<meta name=\"twitter:label2\" content=\"Szacowany czas czytania\" \/>\n\t<meta name=\"twitter:data2\" content=\"10 minut\" \/>\n<script type=\"application\/ld+json\" class=\"yoast-schema-graph\">{\"@context\":\"https:\\\/\\\/schema.org\",\"@graph\":[{\"@type\":[\"Article\",\"BlogPosting\"],\"@id\":\"https:\\\/\\\/bahiasexirentacar.com\\\/pl\\\/tani-wynajem-samochodow-benalmadena\\\/#article\",\"isPartOf\":{\"@id\":\"https:\\\/\\\/bahiasexirentacar.com\\\/pl\\\/tani-wynajem-samochodow-benalmadena\\\/\"},\"author\":{\"name\":\"Laura Rodr\u00edguez\",\"@id\":\"https:\\\/\\\/bahiasexirentacar.com\\\/pl\\\/#\\\/schema\\\/person\\\/64fabdc74607552da9ede8736baf3704\"},\"headline\":\"Tani wynajem samochod\u00f3w Benalmadena Bahia Sexi | Co robi\u0107\",\"datePublished\":\"2021-03-16T17:00:01+00:00\",\"dateModified\":\"2025-08-14T19:55:19+00:00\",\"mainEntityOfPage\":{\"@id\":\"https:\\\/\\\/bahiasexirentacar.com\\\/pl\\\/tani-wynajem-samochodow-benalmadena\\\/\"},\"wordCount\":2572,\"publisher\":{\"@id\":\"https:\\\/\\\/bahiasexirentacar.com\\\/pl\\\/#organization\"},\"inLanguage\":\"pl-PL\"},{\"@type\":[\"WebPage\",\"ItemPage\"],\"@id\":\"https:\\\/\\\/bahiasexirentacar.com\\\/pl\\\/tani-wynajem-samochodow-benalmadena\\\/\",\"url\":\"https:\\\/\\\/bahiasexirentacar.com\\\/pl\\\/tani-wynajem-samochodow-benalmadena\\\/\",\"name\":\"Tani wynajem samochod\u00f3w Benalmadena Bahia Sexi | Co robi\u0107\",\"isPartOf\":{\"@id\":\"https:\\\/\\\/bahiasexirentacar.com\\\/pl\\\/#website\"},\"datePublished\":\"2021-03-16T17:00:01+00:00\",\"dateModified\":\"2025-08-14T19:55:19+00:00\",\"description\":\"Je\u015bli szukasz Tani wynajem samochod\u00f3w w Benalmadena, jest to us\u0142uga, o kt\u00f3rej musisz wiedzie\u0107. Opowiemy Ci r\u00f3wnie\u017c o mie\u015bcie!\",\"breadcrumb\":{\"@id\":\"https:\\\/\\\/bahiasexirentacar.com\\\/pl\\\/tani-wynajem-samochodow-benalmadena\\\/#breadcrumb\"},\"inLanguage\":\"pl-PL\",\"potentialAction\":[{\"@type\":\"ReadAction\",\"target\":[\"https:\\\/\\\/bahiasexirentacar.com\\\/pl\\\/tani-wynajem-samochodow-benalmadena\\\/\"]}]},{\"@type\":\"BreadcrumbList\",\"@id\":\"https:\\\/\\\/bahiasexirentacar.com\\\/pl\\\/tani-wynajem-samochodow-benalmadena\\\/#breadcrumb\",\"itemListElement\":[{\"@type\":\"ListItem\",\"position\":1,\"name\":\"Home\",\"item\":\"https:\\\/\\\/bahiasexirentacar.com\\\/pl\\\/\"},{\"@type\":\"ListItem\",\"position\":2,\"name\":\"Bez kategorii\",\"item\":\"https:\\\/\\\/bahiasexirentacar.com\\\/pl\\\/category\\\/bez-kategorii\\\/\"},{\"@type\":\"ListItem\",\"position\":3,\"name\":\"Tani wynajem samochod\u00f3w Benalmadena Bahia Sexi | Co robi\u0107\"}]},{\"@type\":\"WebSite\",\"@id\":\"https:\\\/\\\/bahiasexirentacar.com\\\/pl\\\/#website\",\"url\":\"https:\\\/\\\/bahiasexirentacar.com\\\/pl\\\/\",\"name\":\"Bahia Sexi Rent a Car\",\"description\":\"Car rental at Malaga Airport\",\"publisher\":{\"@id\":\"https:\\\/\\\/bahiasexirentacar.com\\\/pl\\\/#organization\"},\"potentialAction\":[{\"@type\":\"SearchAction\",\"target\":{\"@type\":\"EntryPoint\",\"urlTemplate\":\"https:\\\/\\\/bahiasexirentacar.com\\\/pl\\\/?s={search_term_string}\"},\"query-input\":{\"@type\":\"PropertyValueSpecification\",\"valueRequired\":true,\"valueName\":\"search_term_string\"}}],\"inLanguage\":\"pl-PL\"},{\"@type\":\"Organization\",\"@id\":\"https:\\\/\\\/bahiasexirentacar.com\\\/pl\\\/#organization\",\"name\":\"Bahia Sexi Rent a Car\",\"url\":\"https:\\\/\\\/bahiasexirentacar.com\\\/pl\\\/\",\"logo\":{\"@type\":\"ImageObject\",\"inLanguage\":\"pl-PL\",\"@id\":\"https:\\\/\\\/bahiasexirentacar.com\\\/pl\\\/#\\\/schema\\\/logo\\\/image\\\/\",\"url\":\"https:\\\/\\\/bahiasexirentacar.com\\\/wp-content\\\/uploads\\\/2024\\\/11\\\/cropped-Icono-sitio-web.jpg\",\"contentUrl\":\"https:\\\/\\\/bahiasexirentacar.com\\\/wp-content\\\/uploads\\\/2024\\\/11\\\/cropped-Icono-sitio-web.jpg\",\"width\":512,\"height\":512,\"caption\":\"Bahia Sexi Rent a Car\"},\"image\":{\"@id\":\"https:\\\/\\\/bahiasexirentacar.com\\\/pl\\\/#\\\/schema\\\/logo\\\/image\\\/\"},\"sameAs\":[\"https:\\\/\\\/www.facebook.com\\\/bahiasexi\"]},{\"@type\":\"Person\",\"@id\":\"https:\\\/\\\/bahiasexirentacar.com\\\/pl\\\/#\\\/schema\\\/person\\\/64fabdc74607552da9ede8736baf3704\",\"name\":\"Laura Rodr\u00edguez\",\"image\":{\"@type\":\"ImageObject\",\"inLanguage\":\"pl-PL\",\"@id\":\"https:\\\/\\\/secure.gravatar.com\\\/avatar\\\/87967e69b46baa8deb98f90585854c12aba67cb0c70970f1da219b1b30cacb8d?s=96&d=mm&r=g\",\"url\":\"https:\\\/\\\/secure.gravatar.com\\\/avatar\\\/87967e69b46baa8deb98f90585854c12aba67cb0c70970f1da219b1b30cacb8d?s=96&d=mm&r=g\",\"contentUrl\":\"https:\\\/\\\/secure.gravatar.com\\\/avatar\\\/87967e69b46baa8deb98f90585854c12aba67cb0c70970f1da219b1b30cacb8d?s=96&d=mm&r=g\",\"caption\":\"Laura Rodr\u00edguez\"}}]}<\/script>\n<!-- \/ Yoast SEO Premium plugin. -->","yoast_head_json":{"title":"Tani wynajem samochod\u00f3w Benalmadena Bahia Sexi | Co robi\u0107","description":"Je\u015bli szukasz Tani wynajem samochod\u00f3w w Benalmadena, jest to us\u0142uga, o kt\u00f3rej musisz wiedzie\u0107. Opowiemy Ci r\u00f3wnie\u017c o mie\u015bcie!","robots":{"index":"index","follow":"follow","max-snippet":"max-snippet:-1","max-image-preview":"max-image-preview:large","max-video-preview":"max-video-preview:-1"},"canonical":"https:\/\/bahiasexirentacar.com\/pl\/tani-wynajem-samochodow-benalmadena\/","og_locale":"pl_PL","og_type":"article","og_title":"Tani wynajem samochod\u00f3w Benalmadena Bahia Sexi | Co robi\u0107","og_description":"Je\u015bli szukasz Tani wynajem samochod\u00f3w w Benalmadena, jest to us\u0142uga, o kt\u00f3rej musisz wiedzie\u0107. Opowiemy Ci r\u00f3wnie\u017c o mie\u015bcie!","og_url":"https:\/\/bahiasexirentacar.com\/pl\/tani-wynajem-samochodow-benalmadena\/","og_site_name":"Bahia Sexi Rent a Car","article_publisher":"https:\/\/www.facebook.com\/bahiasexi","article_published_time":"2021-03-16T17:00:01+00:00","article_modified_time":"2025-08-14T19:55:19+00:00","author":"Laura Rodr\u00edguez","twitter_card":"summary_large_image","twitter_misc":{"Napisane przez":"Laura Rodr\u00edguez","Szacowany czas czytania":"10 minut"},"schema":{"@context":"https:\/\/schema.org","@graph":[{"@type":["Article","BlogPosting"],"@id":"https:\/\/bahiasexirentacar.com\/pl\/tani-wynajem-samochodow-benalmadena\/#article","isPartOf":{"@id":"https:\/\/bahiasexirentacar.com\/pl\/tani-wynajem-samochodow-benalmadena\/"},"author":{"name":"Laura Rodr\u00edguez","@id":"https:\/\/bahiasexirentacar.com\/pl\/#\/schema\/person\/64fabdc74607552da9ede8736baf3704"},"headline":"Tani wynajem samochod\u00f3w Benalmadena Bahia Sexi | Co robi\u0107","datePublished":"2021-03-16T17:00:01+00:00","dateModified":"2025-08-14T19:55:19+00:00","mainEntityOfPage":{"@id":"https:\/\/bahiasexirentacar.com\/pl\/tani-wynajem-samochodow-benalmadena\/"},"wordCount":2572,"publisher":{"@id":"https:\/\/bahiasexirentacar.com\/pl\/#organization"},"inLanguage":"pl-PL"},{"@type":["WebPage","ItemPage"],"@id":"https:\/\/bahiasexirentacar.com\/pl\/tani-wynajem-samochodow-benalmadena\/","url":"https:\/\/bahiasexirentacar.com\/pl\/tani-wynajem-samochodow-benalmadena\/","name":"Tani wynajem samochod\u00f3w Benalmadena Bahia Sexi | Co robi\u0107","isPartOf":{"@id":"https:\/\/bahiasexirentacar.com\/pl\/#website"},"datePublished":"2021-03-16T17:00:01+00:00","dateModified":"2025-08-14T19:55:19+00:00","description":"Je\u015bli szukasz Tani wynajem samochod\u00f3w w Benalmadena, jest to us\u0142uga, o kt\u00f3rej musisz wiedzie\u0107. Opowiemy Ci r\u00f3wnie\u017c o mie\u015bcie!","breadcrumb":{"@id":"https:\/\/bahiasexirentacar.com\/pl\/tani-wynajem-samochodow-benalmadena\/#breadcrumb"},"inLanguage":"pl-PL","potentialAction":[{"@type":"ReadAction","target":["https:\/\/bahiasexirentacar.com\/pl\/tani-wynajem-samochodow-benalmadena\/"]}]},{"@type":"BreadcrumbList","@id":"https:\/\/bahiasexirentacar.com\/pl\/tani-wynajem-samochodow-benalmadena\/#breadcrumb","itemListElement":[{"@type":"ListItem","position":1,"name":"Home","item":"https:\/\/bahiasexirentacar.com\/pl\/"},{"@type":"ListItem","position":2,"name":"Bez kategorii","item":"https:\/\/bahiasexirentacar.com\/pl\/category\/bez-kategorii\/"},{"@type":"ListItem","position":3,"name":"Tani wynajem samochod\u00f3w Benalmadena Bahia Sexi | Co robi\u0107"}]},{"@type":"WebSite","@id":"https:\/\/bahiasexirentacar.com\/pl\/#website","url":"https:\/\/bahiasexirentacar.com\/pl\/","name":"Bahia Sexi Rent a Car","description":"Car rental at Malaga Airport","publisher":{"@id":"https:\/\/bahiasexirentacar.com\/pl\/#organization"},"potentialAction":[{"@type":"SearchAction","target":{"@type":"EntryPoint","urlTemplate":"https:\/\/bahiasexirentacar.com\/pl\/?s={search_term_string}"},"query-input":{"@type":"PropertyValueSpecification","valueRequired":true,"valueName":"search_term_string"}}],"inLanguage":"pl-PL"},{"@type":"Organization","@id":"https:\/\/bahiasexirentacar.com\/pl\/#organization","name":"Bahia Sexi Rent a Car","url":"https:\/\/bahiasexirentacar.com\/pl\/","logo":{"@type":"ImageObject","inLanguage":"pl-PL","@id":"https:\/\/bahiasexirentacar.com\/pl\/#\/schema\/logo\/image\/","url":"https:\/\/bahiasexirentacar.com\/wp-content\/uploads\/2024\/11\/cropped-Icono-sitio-web.jpg","contentUrl":"https:\/\/bahiasexirentacar.com\/wp-content\/uploads\/2024\/11\/cropped-Icono-sitio-web.jpg","width":512,"height":512,"caption":"Bahia Sexi Rent a Car"},"image":{"@id":"https:\/\/bahiasexirentacar.com\/pl\/#\/schema\/logo\/image\/"},"sameAs":["https:\/\/www.facebook.com\/bahiasexi"]},{"@type":"Person","@id":"https:\/\/bahiasexirentacar.com\/pl\/#\/schema\/person\/64fabdc74607552da9ede8736baf3704","name":"Laura Rodr\u00edguez","image":{"@type":"ImageObject","inLanguage":"pl-PL","@id":"https:\/\/secure.gravatar.com\/avatar\/87967e69b46baa8deb98f90585854c12aba67cb0c70970f1da219b1b30cacb8d?s=96&d=mm&r=g","url":"https:\/\/secure.gravatar.com\/avatar\/87967e69b46baa8deb98f90585854c12aba67cb0c70970f1da219b1b30cacb8d?s=96&d=mm&r=g","contentUrl":"https:\/\/secure.gravatar.com\/avatar\/87967e69b46baa8deb98f90585854c12aba67cb0c70970f1da219b1b30cacb8d?s=96&d=mm&r=g","caption":"Laura Rodr\u00edguez"}}]}},"_links":{"self":[{"href":"https:\/\/bahiasexirentacar.com\/pl\/wp-json\/wp\/v2\/posts\/36557","targetHints":{"allow":["GET"]}}],"collection":[{"href":"https:\/\/bahiasexirentacar.com\/pl\/wp-json\/wp\/v2\/posts"}],"about":[{"href":"https:\/\/bahiasexirentacar.com\/pl\/wp-json\/wp\/v2\/types\/post"}],"author":[{"embeddable":true,"href":"https:\/\/bahiasexirentacar.com\/pl\/wp-json\/wp\/v2\/users\/9"}],"replies":[{"embeddable":true,"href":"https:\/\/bahiasexirentacar.com\/pl\/wp-json\/wp\/v2\/comments?post=36557"}],"version-history":[{"count":5,"href":"https:\/\/bahiasexirentacar.com\/pl\/wp-json\/wp\/v2\/posts\/36557\/revisions"}],"predecessor-version":[{"id":1944324,"href":"https:\/\/bahiasexirentacar.com\/pl\/wp-json\/wp\/v2\/posts\/36557\/revisions\/1944324"}],"wp:attachment":[{"href":"https:\/\/bahiasexirentacar.com\/pl\/wp-json\/wp\/v2\/media?parent=36557"}],"wp:term":[{"taxonomy":"category","embeddable":true,"href":"https:\/\/bahiasexirentacar.com\/pl\/wp-json\/wp\/v2\/categories?post=36557"},{"taxonomy":"post_tag","embeddable":true,"href":"https:\/\/bahiasexirentacar.com\/pl\/wp-json\/wp\/v2\/tags?post=36557"}],"curies":[{"name":"wp","href":"https:\/\/api.w.org\/{rel}","templated":true}]}}