{"id":36559,"date":"2021-03-16T17:49:56","date_gmt":"2021-03-16T17:49:56","guid":{"rendered":"https:\/\/bahiasexirentacar.com\/?p=36559"},"modified":"2025-08-14T19:59:21","modified_gmt":"2025-08-14T19:59:21","slug":"billig-biluthyrning-benalmadena","status":"publish","type":"post","link":"https:\/\/bahiasexirentacar.com\/sv\/billig-biluthyrning-benalmadena\/","title":{"rendered":"Billig biluthyrning Benalmadena Bahia Sexi | Vad man ska g\u00f6ra"},"content":{"rendered":"<p><span style=\"font-weight: 400;\">Om du beh\u00f6ver en Billig biluthyrning Benalmadena <\/span><span style=\"font-weight: 400;\">, kommer v\u00e5rt f\u00f6retag att guida dig till de b\u00e4sta erbjudandena och bilarna vi har. Du beh\u00f6ver inte leta l\u00e4ngre eller tveka!<\/span><\/p>\n<p><span style=\"font-weight: 400;\">\u00a0<\/span><\/p>\n<div id=\"ez-toc-container\" class=\"ez-toc-v2_0_82_2 counter-hierarchy ez-toc-counter ez-toc-white ez-toc-container-direction\">\n<div class=\"ez-toc-title-container\">\n<p class=\"ez-toc-title\" style=\"cursor:inherit\">Contents:<\/p>\n<span class=\"ez-toc-title-toggle\"><a href=\"#\" class=\"ez-toc-pull-right ez-toc-btn ez-toc-btn-xs ez-toc-btn-default ez-toc-toggle\" aria-label=\"Toggle Table of Content\"><span class=\"ez-toc-js-icon-con\"><span class=\"\"><span class=\"eztoc-hide\" style=\"display:none;\">Toggle<\/span><span class=\"ez-toc-icon-toggle-span\"><svg style=\"fill: #000000;color:#000000\" xmlns=\"http:\/\/www.w3.org\/2000\/svg\" class=\"list-377408\" width=\"20px\" height=\"20px\" viewBox=\"0 0 24 24\" fill=\"none\"><path d=\"M6 6H4v2h2V6zm14 0H8v2h12V6zM4 11h2v2H4v-2zm16 0H8v2h12v-2zM4 16h2v2H4v-2zm16 0H8v2h12v-2z\" fill=\"currentColor\"><\/path><\/svg><svg style=\"fill: #000000;color:#000000\" class=\"arrow-unsorted-368013\" xmlns=\"http:\/\/www.w3.org\/2000\/svg\" width=\"10px\" height=\"10px\" viewBox=\"0 0 24 24\" version=\"1.2\" baseProfile=\"tiny\"><path d=\"M18.2 9.3l-6.2-6.3-6.2 6.3c-.2.2-.3.4-.3.7s.1.5.3.7c.2.2.4.3.7.3h11c.3 0 .5-.1.7-.3.2-.2.3-.5.3-.7s-.1-.5-.3-.7zM5.8 14.7l6.2 6.3 6.2-6.3c.2-.2.3-.5.3-.7s-.1-.5-.3-.7c-.2-.2-.4-.3-.7-.3h-11c-.3 0-.5.1-.7.3-.2.2-.3.5-.3.7s.1.5.3.7z\"\/><\/svg><\/span><\/span><\/span><\/a><\/span><\/div>\n<nav><ul class='ez-toc-list ez-toc-list-level-1 ' ><li class='ez-toc-page-1 ez-toc-heading-level-2'><a class=\"ez-toc-link ez-toc-heading-1\" href=\"https:\/\/bahiasexirentacar.com\/sv\/billig-biluthyrning-benalmadena\/#Varfor_ska_du_boka_hos_oss\" >Varf\u00f6r ska du boka hos oss?<\/a><\/li><li class='ez-toc-page-1 ez-toc-heading-level-2'><a class=\"ez-toc-link ez-toc-heading-2\" href=\"https:\/\/bahiasexirentacar.com\/sv\/billig-biluthyrning-benalmadena\/#Plocka_upp_din_billiga_hyrbil_i_Benalmadena_och_utforska_stadens_historia\" >Plocka upp din billiga hyrbil i Benalmadena och utforska stadens historia!<\/a><\/li><li class='ez-toc-page-1 ez-toc-heading-level-2'><a class=\"ez-toc-link ez-toc-heading-3\" href=\"https:\/\/bahiasexirentacar.com\/sv\/billig-biluthyrning-benalmadena\/#Men_hur_skulle_vadret_vara_nar_du_hyr_en_billig_bil_i_Benalmadena\" >Men hur skulle v\u00e4dret vara n\u00e4r du hyr en billig bil i Benalmadena?<\/a><ul class='ez-toc-list-level-3' ><li class='ez-toc-heading-level-3'><a class=\"ez-toc-link ez-toc-heading-4\" href=\"https:\/\/bahiasexirentacar.com\/sv\/billig-biluthyrning-benalmadena\/#Temperaturer\" >Temperaturer:<\/a><\/li><li class='ez-toc-page-1 ez-toc-heading-level-3'><a class=\"ez-toc-link ez-toc-heading-5\" href=\"https:\/\/bahiasexirentacar.com\/sv\/billig-biluthyrning-benalmadena\/#Nederbord\" >Nederb\u00f6rd:<\/a><\/li><\/ul><\/li><li class='ez-toc-page-1 ez-toc-heading-level-2'><a class=\"ez-toc-link ez-toc-heading-6\" href=\"https:\/\/bahiasexirentacar.com\/sv\/billig-biluthyrning-benalmadena\/#Kom_och_kann_de_5_basta_restaurangerna_i_Benalmadena\" >Kom och k\u00e4nn de 5 b\u00e4sta restaurangerna i Benalmadena<\/a><ul class='ez-toc-list-level-3' ><li class='ez-toc-heading-level-3'><a class=\"ez-toc-link ez-toc-heading-7\" href=\"https:\/\/bahiasexirentacar.com\/sv\/billig-biluthyrning-benalmadena\/#Lime_Lemon\" >Lime &amp; Lemon<\/a><\/li><li class='ez-toc-page-1 ez-toc-heading-level-3'><a class=\"ez-toc-link ez-toc-heading-8\" href=\"https:\/\/bahiasexirentacar.com\/sv\/billig-biluthyrning-benalmadena\/#Fama_Tapas_Bar\" >Fama Tapas Bar<\/a><\/li><li class='ez-toc-page-1 ez-toc-heading-level-3'><a class=\"ez-toc-link ez-toc-heading-9\" href=\"https:\/\/bahiasexirentacar.com\/sv\/billig-biluthyrning-benalmadena\/#Karma\" >Karma<\/a><\/li><li class='ez-toc-page-1 ez-toc-heading-level-3'><a class=\"ez-toc-link ez-toc-heading-10\" href=\"https:\/\/bahiasexirentacar.com\/sv\/billig-biluthyrning-benalmadena\/#Vinoteca_Moncloa\" >Vinoteca Moncloa<\/a><\/li><li class='ez-toc-page-1 ez-toc-heading-level-3'><a class=\"ez-toc-link ez-toc-heading-11\" href=\"https:\/\/bahiasexirentacar.com\/sv\/billig-biluthyrning-benalmadena\/#Toro_Puerto_Marina\" >Toro Puerto Marina<\/a><\/li><\/ul><\/li><li class='ez-toc-page-1 ez-toc-heading-level-2'><a class=\"ez-toc-link ez-toc-heading-12\" href=\"https:\/\/bahiasexirentacar.com\/sv\/billig-biluthyrning-benalmadena\/#i\" >\u00a0<\/a><\/li><li class='ez-toc-page-1 ez-toc-heading-level-2'><a class=\"ez-toc-link ez-toc-heading-13\" href=\"https:\/\/bahiasexirentacar.com\/sv\/billig-biluthyrning-benalmadena\/#Upptack_Benalmadenas_gastronomi\" >Uppt\u00e4ck Benalmadenas gastronomi<\/a><\/li><li class='ez-toc-page-1 ez-toc-heading-level-2'><a class=\"ez-toc-link ez-toc-heading-14\" href=\"https:\/\/bahiasexirentacar.com\/sv\/billig-biluthyrning-benalmadena\/#Monument_som_ar_varda_ett_besok_med_din_billiga_Biluthyrning_i_Benalmadena\" >Monument som \u00e4r v\u00e4rda ett bes\u00f6k med din billiga Biluthyrning i Benalmadena.<\/a><ul class='ez-toc-list-level-3' ><li class='ez-toc-heading-level-3'><a class=\"ez-toc-link ez-toc-heading-15\" href=\"https:\/\/bahiasexirentacar.com\/sv\/billig-biluthyrning-benalmadena\/#Colomares_Castle\" >Colomares Castle<\/a><\/li><li class='ez-toc-page-1 ez-toc-heading-level-3'><a class=\"ez-toc-link ez-toc-heading-16\" href=\"https:\/\/bahiasexirentacar.com\/sv\/billig-biluthyrning-benalmadena\/#Santo_Domingo-kyrkan\" >Santo Domingo-kyrkan<\/a><\/li><li class='ez-toc-page-1 ez-toc-heading-level-3'><a class=\"ez-toc-link ez-toc-heading-17\" href=\"https:\/\/bahiasexirentacar.com\/sv\/billig-biluthyrning-benalmadena\/#Ljusstupa\" >Ljusstupa<\/a><\/li><li class='ez-toc-page-1 ez-toc-heading-level-3'><a class=\"ez-toc-link ez-toc-heading-18\" href=\"https:\/\/bahiasexirentacar.com\/sv\/billig-biluthyrning-benalmadena\/#Historiska_centrum_av_Benalmadena_Pueblo\" >Historiska centrum av Benalm\u00e1dena Pueblo<\/a><\/li><li class='ez-toc-page-1 ez-toc-heading-level-3'><a class=\"ez-toc-link ez-toc-heading-19\" href=\"https:\/\/bahiasexirentacar.com\/sv\/billig-biluthyrning-benalmadena\/#Benalmadenas_dotter\" >Benalm\u00e1denas dotter<\/a><\/li><li class='ez-toc-page-1 ez-toc-heading-level-3'><a class=\"ez-toc-link ez-toc-heading-20\" href=\"https:\/\/bahiasexirentacar.com\/sv\/billig-biluthyrning-benalmadena\/#Bil_Bil_Castle\" >Bil Bil Castle<\/a><\/li><\/ul><\/li><li class='ez-toc-page-1 ez-toc-heading-level-2'><a class=\"ez-toc-link ez-toc-heading-21\" href=\"https:\/\/bahiasexirentacar.com\/sv\/billig-biluthyrning-benalmadena\/#Ta_din_billiga_hyrbil_i_Benalmadena_och_ata_den_basta_maten\" >Ta din billiga hyrbil i Benalmadena och \u00e4ta den b\u00e4sta maten!<\/a><\/li><li class='ez-toc-page-1 ez-toc-heading-level-2'><a class=\"ez-toc-link ez-toc-heading-22\" href=\"https:\/\/bahiasexirentacar.com\/sv\/billig-biluthyrning-benalmadena\/#Vill_du_besoka_Benalmadena_vid_jul\" >Vill du bes\u00f6ka Benalmadena vid jul?<\/a><\/li><li class='ez-toc-page-1 ez-toc-heading-level-2'><a class=\"ez-toc-link ez-toc-heading-23\" href=\"https:\/\/bahiasexirentacar.com\/sv\/billig-biluthyrning-benalmadena\/#Dra_nytta_av_din_billiga_hyrbil_i_Benalmadena\" >Dra nytta av din billiga hyrbil i Benalmadena?<\/a><\/li><\/ul><\/nav><\/div>\n<h2><span class=\"ez-toc-section\" id=\"Varfor_ska_du_boka_hos_oss\"><\/span><b>Varf\u00f6r ska du boka hos oss?<\/b><span class=\"ez-toc-section-end\"><\/span><\/h2>\n<p><span style=\"font-weight: 400;\">Om du undrar varf\u00f6r boka med Bahia Sexi Rent a car:<\/span><\/p>\n<p><span style=\"font-weight: 400;\">klicka p\u00e5 den h\u00e4r<\/span><span style=\"font-weight: 400;\"> l<\/span><span style=\"font-weight: 400;\">\u00e4nken<\/span><span style=\"font-weight: 400;\"> s\u00e5 hittar du svaren.<\/span><\/p>\n<p><span style=\"font-weight: 400;\">\u00a0<\/span><\/p>\n<h2><span class=\"ez-toc-section\" id=\"Plocka_upp_din_billiga_hyrbil_i_Benalmadena_och_utforska_stadens_historia\"><\/span><b>Plocka upp din billiga hyrbil i Benalmadena och utforska stadens historia!<\/b><span class=\"ez-toc-section-end\"><\/span><\/h2>\n<p><span style=\"font-weight: 400;\">De f\u00f6rsta bos\u00e4ttningarna som vi h\u00e4nvisar till i Benalm\u00e1dena \u00e4r fr\u00e5n den sena \u00f6vre paleolitiken, vilket kan dras av resterna som finns i vissa grottor i kommunen (Cuevas del Toro, Los Botijos eller La Zorrera).<\/span><\/p>\n<p><span style=\"font-weight: 400;\">Fenicierna anl\u00e4nde till dessa kuster under 700- och 800-talen f.Kr., vilket gav upphov till ett utbyte av kulturer med fokus p\u00e5 jordbruksteknik, djurh\u00e5llning och handel.<\/span><\/p>\n<p><span style=\"font-weight: 400;\">Bevis p\u00e5 detta \u00e4r att det finns n\u00e5gra rester av f\u00f6nikiska kolonier i staden.<\/span><\/p>\n<p><span style=\"font-weight: 400;\">Senare kom romarna, varav m\u00e5nga kvarst\u00e5r i Benalm\u00e1denas kustomr\u00e5den.<\/span><\/p>\n<p><span style=\"font-weight: 400;\">Av s\u00e4rskild betydelse \u00e4r ruinerna av en saltfabrik i Benal-Roma-regionen och resterna av andra villor och fiskeanl\u00e4ggningar i Torremuelle och Capellan\u00eda.<\/span><\/p>\n<p><span style=\"font-weight: 400;\">Efter en tid under vilken olika kulturer passerade till Benalm\u00e1dena, anl\u00e4nde araberna till vilka namnet p\u00e5 kommunen \u00e4gde rum.<\/span><\/p>\n<p><span style=\"font-weight: 400;\">Det tillskrivs samma arabiska ljud &#8220;Ben al Madina&#8221; som betyder &#8220;Gruvornas barn&#8221;.<\/span><\/p>\n<p><span style=\"font-weight: 400;\">Detta kan bero p\u00e5 f\u00f6rekomsten av en serie gruvor i omr\u00e5det fr\u00e5n vilken det bryts, sedan f\u00f6nikiernas tid, j\u00e4rnmalm och framf\u00f6r allt annat.<\/span><\/p>\n<p><span style=\"font-weight: 400;\">Efter \u00e5ter\u00f6vringen av de kristna finns det dock en m\u00f6rk period i stadens historia, eftersom denna zon praktiskt taget avfolkas av inv\u00e5narnas r\u00e4dsla gentemot havets attacker.<\/span><\/p>\n<p><span style=\"font-weight: 400;\">Vid flera tillf\u00e4llen unders\u00f6ks ombefolkningen av kommunen, men allt med liten eller ingen framg\u00e5ng.<\/span><\/p>\n<p><span style=\"font-weight: 400;\">Det var f\u00f6rst p\u00e5 1700-talet som regionen b\u00f6rjade \u00e5terf\u00e5 en viss normalitet n\u00e4r det g\u00e4ller befolkningsavveckling, vilket delvis beror p\u00e5 skapandet av flera pappersbruk (fyra vitpappersbruk och tv\u00e5 bruna pappersbruk). ) och social stabilisering.<\/span><\/p>\n<p><span style=\"font-weight: 400;\">Boomen i denna industri varade i cirka tjugo \u00e5r och fortsatte i b\u00f6rjan av 1800-talet med en bos\u00e4ttning av jordbruksarbete, s\u00e4rskilt av vinstocken, som blev en monokultur i hela regionen.<\/span><\/p>\n<p><span style=\"font-weight: 400;\">I b\u00f6rjan av 1900-talet gav pesten av &#8220;phylloxera&#8221; en f\u00f6rlust av alla gr\u00f6dor och en betydande ekonomisk nedg\u00e5ng.<\/span><\/p>\n<p><span style=\"font-weight: 400;\">\u00a0<\/span><\/p>\n<p><span style=\"font-weight: 400;\">Under dessa \u00e5r sker en systematisk f\u00f6rst\u00f6relse av det som en g\u00e5ng var bef\u00e4stningarna och Benalm\u00e1dena-slottet (som ockuperade den nuvarande platsen f\u00f6r Benalm\u00e1dena Pueblo-muren) s\u00e5 att knappast n\u00e5gra fysiska rester av tiden har \u00f6verlevt till denna dag.<\/span><\/p>\n<p><span style=\"font-weight: 400;\">Stadens symbol \u00e4r en bronsflicka, k\u00e4nd som &#8220;Lilla flickan i Benalm\u00e1dena&#8221;, som har st\u00e5tt tyst p\u00e5 Plaza de Espa\u00f1a sedan slutet av 60-talet av f\u00f6rra seklet.<\/span><\/p>\n<p><span style=\"font-weight: 400;\">Detta arbete av Jaime Pimentel f\u00f6rutsp\u00e5dde den lokala ekonomins \u00e5teruppkomst och dess koppling till turism och mer internationell kultur, eftersom den ursprungligen skulpterades f\u00f6r att tilldelas vid en internationell filmfestival.<\/span><\/p>\n<p><span style=\"font-weight: 400;\">En f\u00f6ruts\u00e4gelse som senare kommer att f\u00f6rst\u00e4rkas av v\u00e4nortssamarbetet med den ber\u00f6mda skulpturen av Manekken Pis i Bryssel.<\/span><\/p>\n<p><span style=\"font-weight: 400;\">N\u00e4rvaron av flera nationaliteter i kommunen genererar ibland enskilda kontraster, s\u00e5som framst\u00e4llningen av Jesu passion p\u00e5 gatorna eller m\u00f6jligheten att delta i minnet av slutet av andra v\u00e4rldskriget, eftersom det i Benalm\u00e1dena finns en veterangrupp av den brittiska legionen.<\/span><\/p>\n<p><span style=\"font-weight: 400;\">Byn Benalm\u00e1dena stiger till 280 meter \u00f6ver havet och \u00e4r en exceptionell synvinkel vid kusten, som, som vi redan har sagt, var under de katolska monarkernas &#8220;Vigia de la Costa&#8221;, med Towers of the Dock och Quebrada.<\/span><\/p>\n<p><span style=\"font-weight: 400;\">Fr\u00e5n kyrkans torg kan du se hur staden och den viktiga utvecklingen av Benalm\u00e1dena Costa stadsk\u00e4rna eller den gamla g\u00e5rden Arroyo de la Miel, namnet som tar emot den gamla sockerfabriken som fanns p\u00e5 1700-talet.<\/span><\/p>\n<p><span style=\"font-weight: 400;\">Denna situation inneb\u00e4r att staden beh\u00e5ller den mest traditionella arkitekturen med smala gator och vita hus.<\/span><\/p>\n<p><span style=\"font-weight: 400;\">Den stora turistutvecklingen i regionen har gett Benalm\u00e1dena mycket viktiga infrastrukturer och tj\u00e4nster.<\/span><\/p>\n<p><span style=\"font-weight: 400;\">Det har d\u00e4rf\u00f6r en av de st\u00f6rsta turisthamnarna p\u00e5 kusten (Puerto Marina), en av de f\u00f6rsta n\u00f6jesparkerna som byggdes i Spanien (Tivoli Word) eller en av de mest k\u00e4nda kasinona i regionen (Casino Torrequebrada, \u00f6ppnade 1980).<\/span><\/p>\n<p><span style=\"font-weight: 400;\">Men det h\u00e5ller ocks\u00e5 dolda skatter, till exempel dess arkeologiska museum d\u00e4r sedan 1970 en magnifik samling av pre-colombianska bitar har utst\u00e4llts, en samling som b\u00f6rjar med det arv som D. Felipe Orlando fick fr\u00e5n sin farfar.<\/span><\/p>\n<p><span style=\"font-weight: 400;\">Och det \u00e4r att denna mexikanska av spanskt ursprung \u00e4rvde ett stort antal bitar fr\u00e5n arkeologiska f\u00f6rkolumbiska platser och n\u00e4r han kom till Spanien och stannade kvar i denna stad v\u00e4grade han att s\u00e4lja dem och gjorde dem. donera med den enda \u00f6nskan att de skulle. st\u00e4llas ut p\u00e5 platsen.<\/span><\/p>\n<p><span style=\"font-weight: 400;\">Med uppvaknande av arkeologiskt intresse har rester av neolitiska bos\u00e4ttningar hittats i grottorna i Sierra de Mijas eller bitar som finns utanf\u00f6r kusten som ocks\u00e5 har sin plats i museet, till exempel en staty av &#8220;Diana Cazadora&#8221;.<\/span><\/p>\n<p><span style=\"font-weight: 400;\">En annan nyfikenhet i denna stad \u00e4r Colomares Castle, som b\u00f6rjade byggas 1987 p\u00e5 initiativ av D. Esteban Mart\u00edn, till hyllning till Columbus.<\/span><\/p>\n<p><span style=\"font-weight: 400;\">Detta slott, med en enast\u00e5ende utsikt \u00f6ver havet, har en arkitektur som kombinerar Mudejar, gotiska och ren\u00e4ssanselement.<\/span><\/p>\n<p><span style=\"font-weight: 400;\">Och det finns ocks\u00e5 Bil-Bil slott som ursprungligen var hem f\u00f6r en privatperson som ville ge det ett slott vid havet.<\/span><\/p>\n<p><span style=\"font-weight: 400;\">Kort sagt, i Benalm\u00e1dena hittar vi tv\u00e5 m\u00f6jligheter v\u00e4l differentierade: att kunna njuta av en typisk andalusisk stad, vit, med smala och branta gator; eller hitta det mest moderniserade ansiktet, med stranden och fritiden.<\/span><\/p>\n<p><span style=\"font-weight: 400;\">\u00a0<\/span><\/p>\n<p><span style=\"font-weight: 400;\">\u00a0<\/span><\/p>\n<h2><span class=\"ez-toc-section\" id=\"Men_hur_skulle_vadret_vara_nar_du_hyr_en_billig_bil_i_Benalmadena\"><\/span><b>Men hur skulle v\u00e4dret vara n\u00e4r du hyr en billig bil i Benalmadena?<\/b><span class=\"ez-toc-section-end\"><\/span><\/h2>\n<p><span style=\"font-weight: 400;\">Ok, nu n\u00e4r du k\u00e4nner till staden, l\u00e5t oss t\u00e4nka p\u00e5 v\u00e4dret och vart du kan \u00e5ka med din billiga hyrbil i Benalmadena.<\/span><\/p>\n<h3><span class=\"ez-toc-section\" id=\"Temperaturer\"><\/span><b>Temperaturer:<\/b><span class=\"ez-toc-section-end\"><\/span><\/h3>\n<p><span style=\"font-weight: 400;\">Klimatet vi njuter av i Benalm\u00e1dena \u00e4r vanligtvis Medelhavet, med milda temperaturer under hela \u00e5ret och praktiskt taget frostfritt under de kalla m\u00e5naderna.<\/span><\/p>\n<p><span style=\"font-weight: 400;\">Dessutom skapar de skyddet som Benalm\u00e1dena-bergskedjan f\u00f6ruts\u00e4tter f\u00f6r vindarna som kommer fr\u00e5n norr en milj\u00f6 d\u00e4r temperaturerna i allm\u00e4nhet ligger mellan 1 och 2 grader i grannkommunerna.<\/span><\/p>\n<p><span style=\"font-weight: 400;\">Nedan en graf som visar temperaturutvecklingen under hela \u00e5ret.<\/span><\/p>\n<h3><span class=\"ez-toc-section\" id=\"Nederbord\"><\/span><b>Nederb\u00f6rd:<\/b><span class=\"ez-toc-section-end\"><\/span><\/h3>\n<p><span style=\"font-weight: 400;\">Termen kommunal \u00e4r uppdelad mellan underfuktigheten i Malaga, med ett rekord mellan 600 och 700 mm och som skulle omfatta kommunens bergsomr\u00e5de.<\/span><\/p>\n<p><span style=\"font-weight: 400;\">Och M\u00e1laga Seca, som i Benalm\u00e1dena sv\u00e4nger mellan 500 och 600 mm, en sektor d\u00e4r dess tre k\u00e4rnor ing\u00e5r: Benalm\u00e1dena Pueblo, Arroyo de la Miel och Benalm\u00e1dena Costa.<\/span><\/p>\n<p><span style=\"font-weight: 400;\">\u00a0<\/span><\/p>\n<h2><span class=\"ez-toc-section\" id=\"Kom_och_kann_de_5_basta_restaurangerna_i_Benalmadena\"><\/span><b>Kom och k\u00e4nn de 5 b\u00e4sta restaurangerna i Benalmadena<\/b><span class=\"ez-toc-section-end\"><\/span><\/h2>\n<p><span style=\"font-weight: 400;\">\u00a0<\/span><\/p>\n<h3><span class=\"ez-toc-section\" id=\"Lime_Lemon\"><\/span><b>Lime &amp; Lemon<\/b><span class=\"ez-toc-section-end\"><\/span><\/h3>\n<p><span style=\"font-weight: 400;\">Detta \u00e4r en bra restaurang p\u00e5 strandpromenaden, som har en trevlig terrass. S\u00e5ledes kommer du att njuta av en god m\u00e5ltid och en magnifik utsikt \u00f6ver havet. Det erbjuder ett kreativt urval av l\u00e4ckra tapas och r\u00e4tter.<\/span><\/p>\n<h3><span class=\"ez-toc-section\" id=\"Fama_Tapas_Bar\"><\/span><b>Fama Tapas Bar<\/b><span class=\"ez-toc-section-end\"><\/span><\/h3>\n<p><span style=\"font-weight: 400;\">Om du vill smaka p\u00e5 l\u00e4ckra och originella tapas \u00e4r Fama Bar din plats. Alldeles vid havet kan du njuta av en utm\u00e4rkt m\u00e5ltid medan du njuter av havsutsikten p\u00e5 den livliga strandpromenaden i Benalmadena.<\/span><\/p>\n<h3><span class=\"ez-toc-section\" id=\"Karma\"><\/span><b>Karma<\/b><span class=\"ez-toc-section-end\"><\/span><\/h3>\n<p><span style=\"font-weight: 400;\">Denna restaurang \u00e4r k\u00e4nd f\u00f6r kvaliteten p\u00e5 maten och servicen. Det \u00e4r ett utm\u00e4rkt st\u00e4lle att ha det bra med en grupp v\u00e4nner. Husets specialitet \u00e4r fisk och paella. Men k\u00f6ttet \u00e4r ocks\u00e5 uts\u00f6kt.<\/span><\/p>\n<h3><span class=\"ez-toc-section\" id=\"Vinoteca_Moncloa\"><\/span><b>Vinoteca Moncloa<\/b><span class=\"ez-toc-section-end\"><\/span><\/h3>\n<p><span style=\"font-weight: 400;\">Det ligger i stadens centrum. Det \u00e4r ett utm\u00e4rkt st\u00e4lle att prova spanska viner och l\u00e4ckra tapas. Dessutom \u00e4r det en av f\u00e5 barer i Benalmadena, som serverar gratis tapas med ditt vin. Personalen \u00e4r mycket uppm\u00e4rksam och artig.<\/span><\/p>\n<h3><span class=\"ez-toc-section\" id=\"Toro_Puerto_Marina\"><\/span><b>Toro Puerto Marina<\/b><span class=\"ez-toc-section-end\"><\/span><\/h3>\n<p><span style=\"font-weight: 400;\">I den ber\u00f6mda Benalmadena Marina kan du best\u00e4lla en uts\u00f6kt m\u00e5ltid i marinans exklusiva atmosf\u00e4r. Husets specialitet \u00e4r de typiska spanska r\u00e4tterna, som vi corquetas, gambas al pilpil, etc.<\/span><\/p>\n<h2><span class=\"ez-toc-section\" id=\"i\"><\/span><b>\u00a0<\/b><span class=\"ez-toc-section-end\"><\/span><\/h2>\n<h2><span class=\"ez-toc-section\" id=\"Upptack_Benalmadenas_gastronomi\"><\/span><b>Uppt\u00e4ck Benalmadenas gastronomi<\/b><span class=\"ez-toc-section-end\"><\/span><\/h2>\n<p><span style=\"font-weight: 400;\">F\u00f6r i Benalm\u00e1denas gastronomi kan vi uppt\u00e4cka Andalusiens karakteristiska mat. Men det fokuserar ocks\u00e5 p\u00e5 skaldjur, till exempel dess &#8220;pesca\u00edto frito&#8221; (stekt fisk), skaldjur, risr\u00e4tter &#8230;<\/span><\/p>\n<p><span style=\"font-weight: 400;\">Det h\u00e4r \u00e4r r\u00e4tter som mer \u00e4n en vill prova.<\/span><\/p>\n<p><span style=\"font-weight: 400;\">F\u00f6rst och fr\u00e4mst kommer vi att uppt\u00e4cka tv\u00e5 typiska r\u00e4tter endast fr\u00e5n regionen Benalm\u00e1dena:<\/span><\/p>\n<ul>\n<li style=\"font-weight: 400;\" aria-level=\"1\"><span style=\"font-weight: 400;\">cocotte de cachorre\u00f1a<\/span><\/li>\n<li style=\"font-weight: 400;\" aria-level=\"1\"><span style=\"font-weight: 400;\">smulor mj\u00f6lk i.<\/span><\/li>\n<\/ul>\n<p><span style=\"font-weight: 400;\">Du hittar dem p\u00e5 vissa restauranger i Benalm\u00e1dena.<\/span><\/p>\n<p><span style=\"font-weight: 400;\">Men den gastronomi som lockar och \u00e4r k\u00e4nd runt om i v\u00e4rlden \u00e4r det andalusiska k\u00f6ket i Malaga, och eftersom Benalm\u00e1dena \u00e4r en kustplats fokuserar k\u00f6ket p\u00e5 skaldjur.<\/span><\/p>\n<p><span style=\"font-weight: 400;\">\u00a0<\/span><\/p>\n<ul>\n<li style=\"font-weight: 400;\" aria-level=\"1\"><span style=\"font-weight: 400;\">I denna mening, vad triompheplus \u00e4r:<\/span><\/li>\n<li style=\"font-weight: 400;\" aria-level=\"1\"><span style=\"font-weight: 400;\">sardin grillspett<\/span><\/li>\n<li style=\"font-weight: 400;\" aria-level=\"1\"><span style=\"font-weight: 400;\">den &#8220;friterad sm\u00e5fisk&#8221; (stekt fisk)<\/span><\/li>\n<li style=\"font-weight: 400;\" aria-level=\"1\"><span style=\"font-weight: 400;\">bl\u00e4ckfisk ouseiches<\/span><\/li>\n<li style=\"font-weight: 400;\" aria-level=\"1\"><span style=\"font-weight: 400;\">r\u00e4kor<\/span><\/li>\n<li style=\"font-weight: 400;\" aria-level=\"1\"><span style=\"font-weight: 400;\">Coquinas<\/span><\/li>\n<li style=\"font-weight: 400;\" aria-level=\"1\"><span style=\"font-weight: 400;\">mussla<\/span><\/li>\n<li style=\"font-weight: 400;\" aria-level=\"1\"><span style=\"font-weight: 400;\">shrimproses<\/span><\/li>\n<li style=\"font-weight: 400;\" aria-level=\"1\"><span style=\"font-weight: 400;\">av<\/span><\/li>\n<li style=\"font-weight: 400;\" aria-level=\"1\"><span style=\"font-weight: 400;\">poliser<\/span><\/li>\n<\/ul>\n<p><span style=\"font-weight: 400;\">och ett o\u00e4ndligt antal produkter som ferontvotre waterDoing mun.<\/span><\/p>\n<p><span style=\"font-weight: 400;\">Vi kan inte heller gl\u00f6mma riset. Ris\u00e4lskare kommer att kunna njuta av \u00e4kta paella-specialiteter:<\/span><\/p>\n<ul>\n<li style=\"font-weight: 400;\" aria-level=\"1\"><span style=\"font-weight: 400;\">skaldjur<\/span><\/li>\n<li style=\"font-weight: 400;\" aria-level=\"1\"><span style=\"font-weight: 400;\">paella auxmixta<\/span><\/li>\n<li style=\"font-weight: 400;\" aria-level=\"1\"><span style=\"font-weight: 400;\">svart ris<\/span><\/li>\n<li style=\"font-weight: 400;\" aria-level=\"1\"><span style=\"font-weight: 400;\">med hummer<\/span><\/li>\n<\/ul>\n<p><span style=\"font-weight: 400;\">och m\u00e5nga andra alternativ, bara f\u00f6r att komma till Benalm\u00e1dena.<\/span><\/p>\n<p><span style=\"font-weight: 400;\">Innan allt detta m\u00e5ste du njuta av en bra f\u00f6rr\u00e4tt: sallader, porra antequerana, gazpacho, vitl\u00f6k, iberisk skinka eller Malague\u00f1asallad.<\/span><\/p>\n<p><span style=\"font-weight: 400;\">Sammanfattningsvis kan vi s\u00e4ga att Benalm\u00e1dena erbjuder en uts\u00f6kt kulinarisk variation i sina restauranger som m\u00e5ste smakas. Vi \u00e4r s\u00e4kra p\u00e5 att mer \u00e4n en redan har en \u00f6nskan som han vill undertrycka.<\/span><\/p>\n<p><span style=\"font-weight: 400;\">\u00a0<\/span><\/p>\n<h2><span class=\"ez-toc-section\" id=\"Monument_som_ar_varda_ett_besok_med_din_billiga_Biluthyrning_i_Benalmadena\"><\/span><b>Monument som \u00e4r v\u00e4rda ett bes\u00f6k med din billiga Biluthyrning i Benalmadena.<\/b><span class=\"ez-toc-section-end\"><\/span><\/h2>\n<p><span style=\"font-weight: 400;\">L\u00e5t oss k\u00f6ra runt i staden med din billiga Biluthyrning i Benalmadena och hitta n\u00e5gra vackra platser att bes\u00f6ka.<\/span><\/p>\n<h3><span class=\"ez-toc-section\" id=\"Colomares_Castle\"><\/span><b>Colomares Castle<\/b><span class=\"ez-toc-section-end\"><\/span><\/h3>\n<p><span style=\"font-weight: 400;\">\u00c4ven om det har formen av ett slott, \u00e4r det verkligen ett monument till\u00e4gnad Christopher Columbus och ankomsten till den nya v\u00e4rlden, i hyllning till uppt\u00e4ckten av Amerika.<\/span><\/p>\n<p><span style=\"font-weight: 400;\">Bel\u00e4get i Benalm\u00e1dena Pueblo, byggdes det mellan 1987 och 1994.<\/span><\/p>\n<p><span style=\"font-weight: 400;\">Det finns olika arkitektoniska stilar utvecklade med tegel, betong, natursten eller tr\u00e4. Inuti har det glasm\u00e5lningar med stor sk\u00f6nhet.<\/span><\/p>\n<h3><span class=\"ez-toc-section\" id=\"Santo_Domingo-kyrkan\"><\/span><b>Santo Domingo-kyrkan<\/b><span class=\"ez-toc-section-end\"><\/span><\/h3>\n<p><span style=\"font-weight: 400;\">Det \u00e4r den \u00e4ldsta kyrkan i kommunen Benalm\u00e1dena och ligger i Benalm\u00e1dena Pueblo och upptar det omr\u00e5de d\u00e4r staden f\u00f6ddes historiskt och i en privilegierad utsiktspunkt med utsikt \u00f6ver en stor del av kusten.<\/span><\/p>\n<p><span style=\"font-weight: 400;\">F\u00f6r att komma \u00e5t den h\u00e4r kyrkan finns det tv\u00e5 alternativ: korsa fotg\u00e4ngaromr\u00e5dena i Benalm\u00e1dena Pueblo eller ta en gratis hiss som g\u00e5r fr\u00e5n parkeringen i omr\u00e5det El Chorrillo.<\/span><\/p>\n<h3><span class=\"ez-toc-section\" id=\"Ljusstupa\"><\/span><b>Ljusstupa<\/b><span class=\"ez-toc-section-end\"><\/span><\/h3>\n<p><span style=\"font-weight: 400;\">Ligger p\u00e5 toppen av Benalm\u00e1dena Pueblo och \u00e4r den st\u00f6rsta buddhistiska stupaen i v\u00e4stv\u00e4rlden.<\/span><\/p>\n<p><span style=\"font-weight: 400;\">Det kr\u00f6ns av en gyllene kon som kan ses fr\u00e5n hela kustremsan som f\u00f6rbinder Benalm\u00e1dena och Fuengirola.<\/span><\/p>\n<p><span style=\"font-weight: 400;\">Det \u00e4r ett buddhistiskt monument f\u00f6r v\u00e4rldsfred, v\u00e4lst\u00e5nd och harmoni.<\/span><\/p>\n<h3><span class=\"ez-toc-section\" id=\"Historiska_centrum_av_Benalmadena_Pueblo\"><\/span><b>Historiska centrum av Benalm\u00e1dena Pueblo<\/b><span class=\"ez-toc-section-end\"><\/span><\/h3>\n<p><span style=\"font-weight: 400;\">Det ligger i bergen, cirka 300 meter \u00f6ver havet och \u00e4r det ursprungliga stadsk\u00e4rnan i Benalm\u00e1dena, som beh\u00e5ller sin gamla typiska andalusiska bystruktur.<\/span><\/p>\n<p><span style=\"font-weight: 400;\">P\u00e5 denna plats fanns ursprungligen ett slott och en f\u00e4stning som husade stadens hus och som n\u00e5gra kvarlevor kvarst\u00e5r i regionen El Muro.<\/span><\/p>\n<h3><span class=\"ez-toc-section\" id=\"Benalmadenas_dotter\"><\/span><b>Benalm\u00e1denas dotter<\/b><span class=\"ez-toc-section-end\"><\/span><\/h3>\n<p><span style=\"font-weight: 400;\">Det \u00e4r en bronsskulptur designad av skulpt\u00f6ren Jaime Pimentel som har blivit kommunens symbol. Det \u00e4r en del av huvudk\u00e4llan till Plaza de Espa\u00f1a i Benalm\u00e1dena Pueblo.<\/span><\/p>\n<h3><span class=\"ez-toc-section\" id=\"Bil_Bil_Castle\"><\/span><b>Bil Bil Castle<\/b><span class=\"ez-toc-section-end\"><\/span><\/h3>\n<p><span style=\"font-weight: 400;\">Det \u00e4r en byggnad i arabisk stil dekorerad med azulejos och basreliefer fr\u00e5n Nasrid-traditionen, omgiven av tr\u00e4dg\u00e5rdar d\u00e4r det finns flera k\u00e4llor till muslimsk inspiration.<\/span><\/p>\n<p><span style=\"font-weight: 400;\">Det byggdes i b\u00f6rjan av 1900-talet i Benalm\u00e1dena Costa som en lantvilla f\u00f6r en rik familj och 1980 f\u00f6rv\u00e4rvade stadshuset det som en kulturell anl\u00e4ggning som \u00e4r v\u00e4rd f\u00f6r utst\u00e4llningar, konserter och konferenser.<\/span><\/p>\n<p><span style=\"font-weight: 400;\">Ett m\u00e4rkligt faktum \u00e4r att det \u00e4r den offentliga byggnaden d\u00e4r fler civila \u00e4ktenskap firas i hela provinsen Malaga.<\/span><\/p>\n<p><span style=\"font-weight: 400;\">\u00a0<\/span><\/p>\n<p><span style=\"font-weight: 400;\">\u00a0<\/span><\/p>\n<h2><span class=\"ez-toc-section\" id=\"Ta_din_billiga_hyrbil_i_Benalmadena_och_ata_den_basta_maten\"><\/span><b>Ta din billiga hyrbil i Benalmadena och \u00e4ta den b\u00e4sta maten!<\/b><span class=\"ez-toc-section-end\"><\/span><\/h2>\n<p><span style=\"font-weight: 400;\">Benalm\u00e1denas gastronomi \u00e4r typiskt andalusisk, men centrerad p\u00e5 skaldjur, dess &#8220;stekt fisk&#8221;, skaldjur, risr\u00e4tter &#8230; L\u00e4ckra r\u00e4tter som blir en mer attraktiv urs\u00e4kt f\u00f6r att bes\u00f6ka Benalm\u00e1dena.<\/span><\/p>\n<p><span style=\"font-weight: 400;\">F\u00f6rst b\u00f6rjar vi med tv\u00e5 typiska r\u00e4tter endast fr\u00e5n Benalm\u00e1dena-regionen; grytan av cachorre\u00f1a och mj\u00f6lksmulorna.<\/span><\/p>\n<p><span style=\"font-weight: 400;\">P\u00e5 n\u00e5gra av de mest traditionella restaurangerna i staden, liksom i n\u00e5gra av barerna i ditt liv, kan du hitta dem utan sv\u00e5righet.<\/span><\/p>\n<p><span style=\"font-weight: 400;\">Men det k\u00f6k som f\u00f6rf\u00f6r och \u00e4r k\u00e4nt \u00f6ver hela v\u00e4rlden \u00e4r det Malaga-andalusiska k\u00f6ket, och eftersom Benalm\u00e1dena huvudsakligen \u00e4r en strandplats, mat baserad p\u00e5 skaldjur.<\/span><\/p>\n<p><span style=\"font-weight: 400;\">Stekta sardiner, &#8220;pescaito&#8221; (chopitos, boquerones, chipirones, puntillitas, calamaritos), bl\u00e4ckfisk eller bl\u00e4ckfisk, r\u00e4kor, coquina, musslor, r\u00e4kor, r\u00e4kor, karabiner, havsr\u00e4tter, havsabborre, ros och en l\u00e5ng etc.<\/span><\/p>\n<p><span style=\"font-weight: 400;\">Dessutom ris \u00e4lskare har m\u00f6jlighet att prova n\u00e5gra av specialiteterna fr\u00e5n en av de b\u00e4sta specialisterna p\u00e5 Costa del Sol; skaldjurspaella, blandad paella, svart ris, hummerris och m\u00e5nga fler alternativ.<\/span><\/p>\n<p><span style=\"font-weight: 400;\">Vi kan inte gl\u00f6mma f\u00f6rr\u00e4tterna: sallader, veranda i antequerana, gazpacho, vitl\u00f6k, iberisk skinka eller Malaga-sallad.<\/span><\/p>\n<p><span style=\"font-weight: 400;\">Kort sagt, f\u00f6r kvalitet, variation och kvantitet beh\u00f6ver du inte klaga p\u00e5 de kulinariska l\u00e4ckerheterna som Benalm\u00e1dena har att erbjuda.<\/span><\/p>\n<p><span style=\"font-weight: 400;\">De mest karakteristiska r\u00e4tterna fr\u00e5n Benalm\u00e1denas gastronomi och som du inte kan sluta prova n\u00e4r du bes\u00f6ker kommunen \u00e4r migas con leche, sardinspett, gryta av cachorre\u00f1a och stekt fisk.<\/span><\/p>\n<p><span style=\"font-weight: 400;\">Du hittar dem i ett av de tre befolkningscentren: Benalm\u00e1dena Pueblo, Benalm\u00e1dena Costa och Arroyo de la Miel.<\/span><\/p>\n<p><span style=\"font-weight: 400;\">Bland de stekte fiskarna \u00e4r ansjovis, h\u00e4stmakrill och r\u00f6d mullet det mest typiska f\u00f6r denna kuststad.<\/span><\/p>\n<h2><span class=\"ez-toc-section\" id=\"Vill_du_besoka_Benalmadena_vid_jul\"><\/span><b>Vill du bes\u00f6ka Benalmadena vid jul?<\/b><span class=\"ez-toc-section-end\"><\/span><\/h2>\n<p><span style=\"font-weight: 400;\">Benalm\u00e1dena<\/span><span style=\"font-weight: 400;\"> \u00e4r en livlig stad p\u00e5 Costa del Sol, som har m\u00e5nga intressanta attraktioner f\u00f6r att ha det bra p\u00e5 semestern. Du kan till exempel bes\u00f6ka Selwo Marina, Mariposario, Tivoli World Theme Park etc.<\/span><\/p>\n<p><span style=\"font-weight: 400;\">\u00a0Klimatet i Benalmadena<\/span><span style=\"font-weight: 400;\"> \u00e4r fantastiskt p\u00e5 grund av solsken och milda temperaturer. S\u00e5 du kan \u00e5ka utomhus utomhus n\u00e4stan varje dag. P\u00e5 detta s\u00e4tt kan du ocks\u00e5 njuta av stranden \u00e4ven vid jul.<\/span><\/p>\n<p><a href=\"https:\/\/bahiasexirentacar.com\/cheap-car-hire-i%E2%80%A6erto-benalmadena\/\"><span style=\"font-weight: 400;\">Puerto de <\/span><\/a><span style=\"font-weight: 400;\">B<\/span><a href=\"https:\/\/bahiasexirentacar.com\/cheap-car-hire-i%E2%80%A6erto-benalmadena\/\"><span style=\"font-weight: 400;\">enalm\u00e1dena<\/span><\/a><span style=\"font-weight: 400;\"> \u00e4r en av de b\u00e4sta sm\u00e5b\u00e5tshamnen, som har b\u00e5de ett bostadsomr\u00e5de och ett fritidsomr\u00e5de med m\u00e5nga internationella butiker och restauranger.<\/span><\/p>\n<h2><span class=\"ez-toc-section\" id=\"Dra_nytta_av_din_billiga_hyrbil_i_Benalmadena\"><\/span><b>Dra nytta av din billiga hyrbil i Benalmadena?<\/b><span class=\"ez-toc-section-end\"><\/span><\/h2>\n<p><span style=\"font-weight: 400;\">Gl\u00f6m inte att \u00e5ka till stranden med din billiga hyrbil i Benalmadena. Du kommer att ha m\u00e5nga val:<\/span><\/p>\n<ul>\n<li style=\"font-weight: 400;\" aria-level=\"1\"><b>Playa Arroyo de la <\/b><span style=\"font-weight: 400;\">Miel<\/span><b>:<\/b><span style=\"font-weight: 400;\"> Arroyo de la Miel-stranden \u00e4r tillsammans med Bil Bil-stranden ett mycket popul\u00e4rt omr\u00e5de med h\u00f6g serviceniv\u00e5. Det ligger i Arroyo de la Miel, Benalm\u00e1dena.<\/span><\/li>\n<li style=\"font-weight: 400;\" aria-level=\"1\"><b>Arroyo Hondo:<\/b><span style=\"font-weight: 400;\"> Arroyo Hondo \u00e4r en strand med en stor tillstr\u00f6mning av m\u00e4nniskor, bredvid Costa Azul-hotellet.<\/span><\/li>\n<li style=\"font-weight: 400;\" aria-level=\"1\"><b>Benalnatura:<\/b><span style=\"font-weight: 400;\"> Benalnatura \u00e4r en liten strand som ligger i Levante i Las Viborillas-stranden, i Benalm\u00e1dena. Det \u00e4r en av<\/span>\n<ul>\n<li style=\"font-weight: 400;\" aria-level=\"2\"><span style=\"font-weight: 400;\">\u00a0f\u00e5 nudiststr\u00e4nder p\u00e5 den maltesiska kusten. Det ligger i en liten vik omgiven av frodig vegetation.<\/span><\/li>\n<li style=\"font-weight: 400;\" aria-level=\"2\"><b>Bil Bil:<\/b><span style=\"font-weight: 400;\"> Bil Bil, med stranden Arroyo de la Miel, \u00e4r ett mycket popul\u00e4rt omr\u00e5de.<\/span><\/li>\n<li style=\"font-weight: 400;\" aria-level=\"2\"><span style=\"font-weight: 400;\">Och mycket mer!!<\/span><\/li>\n<\/ul>\n<\/li>\n<li style=\"font-weight: 400;\" aria-level=\"1\"><span style=\"font-weight: 400;\">Resan slutar inte d\u00e4r, dra nytta av din billiga hyrbil i Benalmadena och k\u00f6r runt i staden f\u00f6r att uppt\u00e4cka stadens hemligheter.<\/span><span style=\"font-weight: 400;\"><br \/>\n<\/span><span style=\"font-weight: 400;\">L\u00e5t oss veta vad du tyckte om staden och om din guide var till hj\u00e4lp f\u00f6r dig och v\u00e5r biluthyrning. \ud83d\ude09<\/span><span style=\"font-weight: 400;\"><br \/>\n<\/span><span style=\"font-weight: 400;\">Njut av din semester!<\/span><span style=\"font-weight: 400;\"><br \/>\n<\/span> <span style=\"font-weight: 400;\"><br \/>\n<\/span><span style=\"font-weight: 400;\">\u00a0<\/span><\/li>\n<\/ul>\n<p><span style=\"font-weight: 400;\">\u00a0<\/span><\/p>\n<p><span style=\"font-weight: 400;\">\u00a0<\/span><\/p>\n<p>&nbsp;<\/p>\n","protected":false},"excerpt":{"rendered":"<p>Om du beh\u00f6ver en Billig biluthyrning Benalmadena , kommer v\u00e5rt f\u00f6retag att guida dig till de b\u00e4sta erbjudandena och bilarna vi har. Du beh\u00f6ver inte leta l\u00e4ngre eller tveka! \u00a0 Varf\u00f6r ska du boka hos oss? Om du undrar varf\u00f6r boka med Bahia Sexi Rent a car: klicka p\u00e5 den h\u00e4r l\u00e4nken s\u00e5 hittar du&#8230;<\/p>\n","protected":false},"author":9,"featured_media":0,"comment_status":"closed","ping_status":"closed","sticky":false,"template":"","format":"standard","meta":{"footnotes":""},"categories":[35],"tags":[],"class_list":["post-36559","post","type-post","status-publish","format-standard","hentry","category-okategoriserad"],"yoast_head":"<!-- This site is optimized with the Yoast SEO Premium plugin v27.3 (Yoast SEO v27.3) - https:\/\/yoast.com\/product\/yoast-seo-premium-wordpress\/ -->\n<title>Billig biluthyrning Benalmadena Bahia Sexi | Vad man ska g\u00f6ra<\/title>\n<meta name=\"description\" content=\"Om du letar efter en Billig biluthyrning Benalmadena \u00e4r det den tj\u00e4nsten du beh\u00f6ver veta. Vi kommer ocks\u00e5 att ber\u00e4tta om staden!\" \/>\n<meta name=\"robots\" content=\"index, follow, max-snippet:-1, max-image-preview:large, max-video-preview:-1\" \/>\n<link rel=\"canonical\" href=\"https:\/\/bahiasexirentacar.com\/sv\/billig-biluthyrning-benalmadena\/\" \/>\n<meta property=\"og:locale\" content=\"sv_SE\" \/>\n<meta property=\"og:type\" content=\"article\" \/>\n<meta property=\"og:title\" content=\"Billig biluthyrning Benalmadena Bahia Sexi | Vad man ska g\u00f6ra\" \/>\n<meta property=\"og:description\" content=\"Om du letar efter en Billig biluthyrning Benalmadena \u00e4r det den tj\u00e4nsten du beh\u00f6ver veta. Vi kommer ocks\u00e5 att ber\u00e4tta om staden!\" \/>\n<meta property=\"og:url\" content=\"https:\/\/bahiasexirentacar.com\/sv\/billig-biluthyrning-benalmadena\/\" \/>\n<meta property=\"og:site_name\" content=\"Bahia Sexi Rent a Car\" \/>\n<meta property=\"article:publisher\" content=\"https:\/\/www.facebook.com\/bahiasexi\" \/>\n<meta property=\"article:published_time\" content=\"2021-03-16T17:49:56+00:00\" \/>\n<meta property=\"article:modified_time\" content=\"2025-08-14T19:59:21+00:00\" \/>\n<meta name=\"author\" content=\"Laura Rodr\u00edguez\" \/>\n<meta name=\"twitter:card\" content=\"summary_large_image\" \/>\n<meta name=\"twitter:label1\" content=\"Skriven av\" \/>\n\t<meta name=\"twitter:data1\" content=\"Laura Rodr\u00edguez\" \/>\n\t<meta name=\"twitter:label2\" content=\"Ber\u00e4knad l\u00e4stid\" \/>\n\t<meta name=\"twitter:data2\" content=\"11 minuter\" \/>\n<script type=\"application\/ld+json\" class=\"yoast-schema-graph\">{\"@context\":\"https:\\\/\\\/schema.org\",\"@graph\":[{\"@type\":[\"Article\",\"BlogPosting\"],\"@id\":\"https:\\\/\\\/bahiasexirentacar.com\\\/sv\\\/billig-biluthyrning-benalmadena\\\/#article\",\"isPartOf\":{\"@id\":\"https:\\\/\\\/bahiasexirentacar.com\\\/sv\\\/billig-biluthyrning-benalmadena\\\/\"},\"author\":{\"name\":\"Laura Rodr\u00edguez\",\"@id\":\"https:\\\/\\\/bahiasexirentacar.com\\\/sv\\\/#\\\/schema\\\/person\\\/64fabdc74607552da9ede8736baf3704\"},\"headline\":\"Billig biluthyrning Benalmadena Bahia Sexi | Vad man ska g\u00f6ra\",\"datePublished\":\"2021-03-16T17:49:56+00:00\",\"dateModified\":\"2025-08-14T19:59:21+00:00\",\"mainEntityOfPage\":{\"@id\":\"https:\\\/\\\/bahiasexirentacar.com\\\/sv\\\/billig-biluthyrning-benalmadena\\\/\"},\"wordCount\":2640,\"publisher\":{\"@id\":\"https:\\\/\\\/bahiasexirentacar.com\\\/sv\\\/#organization\"},\"articleSection\":[\"Okategoriserad\"],\"inLanguage\":\"sv-SE\"},{\"@type\":[\"WebPage\",\"ItemPage\"],\"@id\":\"https:\\\/\\\/bahiasexirentacar.com\\\/sv\\\/billig-biluthyrning-benalmadena\\\/\",\"url\":\"https:\\\/\\\/bahiasexirentacar.com\\\/sv\\\/billig-biluthyrning-benalmadena\\\/\",\"name\":\"Billig biluthyrning Benalmadena Bahia Sexi | Vad man ska g\u00f6ra\",\"isPartOf\":{\"@id\":\"https:\\\/\\\/bahiasexirentacar.com\\\/sv\\\/#website\"},\"datePublished\":\"2021-03-16T17:49:56+00:00\",\"dateModified\":\"2025-08-14T19:59:21+00:00\",\"description\":\"Om du letar efter en Billig biluthyrning Benalmadena \u00e4r det den tj\u00e4nsten du beh\u00f6ver veta. Vi kommer ocks\u00e5 att ber\u00e4tta om staden!\",\"breadcrumb\":{\"@id\":\"https:\\\/\\\/bahiasexirentacar.com\\\/sv\\\/billig-biluthyrning-benalmadena\\\/#breadcrumb\"},\"inLanguage\":\"sv-SE\",\"potentialAction\":[{\"@type\":\"ReadAction\",\"target\":[\"https:\\\/\\\/bahiasexirentacar.com\\\/sv\\\/billig-biluthyrning-benalmadena\\\/\"]}]},{\"@type\":\"BreadcrumbList\",\"@id\":\"https:\\\/\\\/bahiasexirentacar.com\\\/sv\\\/billig-biluthyrning-benalmadena\\\/#breadcrumb\",\"itemListElement\":[{\"@type\":\"ListItem\",\"position\":1,\"name\":\"Home\",\"item\":\"https:\\\/\\\/bahiasexirentacar.com\\\/sv\\\/\"},{\"@type\":\"ListItem\",\"position\":2,\"name\":\"Okategoriserad\",\"item\":\"https:\\\/\\\/bahiasexirentacar.com\\\/sv\\\/category\\\/okategoriserad\\\/\"},{\"@type\":\"ListItem\",\"position\":3,\"name\":\"Billig biluthyrning Benalmadena Bahia Sexi | Vad man ska g\u00f6ra\"}]},{\"@type\":\"WebSite\",\"@id\":\"https:\\\/\\\/bahiasexirentacar.com\\\/sv\\\/#website\",\"url\":\"https:\\\/\\\/bahiasexirentacar.com\\\/sv\\\/\",\"name\":\"Bahia Sexi Rent a Car\",\"description\":\"Car rental at Malaga Airport\",\"publisher\":{\"@id\":\"https:\\\/\\\/bahiasexirentacar.com\\\/sv\\\/#organization\"},\"potentialAction\":[{\"@type\":\"SearchAction\",\"target\":{\"@type\":\"EntryPoint\",\"urlTemplate\":\"https:\\\/\\\/bahiasexirentacar.com\\\/sv\\\/?s={search_term_string}\"},\"query-input\":{\"@type\":\"PropertyValueSpecification\",\"valueRequired\":true,\"valueName\":\"search_term_string\"}}],\"inLanguage\":\"sv-SE\"},{\"@type\":\"Organization\",\"@id\":\"https:\\\/\\\/bahiasexirentacar.com\\\/sv\\\/#organization\",\"name\":\"Bahia Sexi Rent a Car\",\"url\":\"https:\\\/\\\/bahiasexirentacar.com\\\/sv\\\/\",\"logo\":{\"@type\":\"ImageObject\",\"inLanguage\":\"sv-SE\",\"@id\":\"https:\\\/\\\/bahiasexirentacar.com\\\/sv\\\/#\\\/schema\\\/logo\\\/image\\\/\",\"url\":\"https:\\\/\\\/bahiasexirentacar.com\\\/wp-content\\\/uploads\\\/2024\\\/11\\\/cropped-Icono-sitio-web.jpg\",\"contentUrl\":\"https:\\\/\\\/bahiasexirentacar.com\\\/wp-content\\\/uploads\\\/2024\\\/11\\\/cropped-Icono-sitio-web.jpg\",\"width\":512,\"height\":512,\"caption\":\"Bahia Sexi Rent a Car\"},\"image\":{\"@id\":\"https:\\\/\\\/bahiasexirentacar.com\\\/sv\\\/#\\\/schema\\\/logo\\\/image\\\/\"},\"sameAs\":[\"https:\\\/\\\/www.facebook.com\\\/bahiasexi\"]},{\"@type\":\"Person\",\"@id\":\"https:\\\/\\\/bahiasexirentacar.com\\\/sv\\\/#\\\/schema\\\/person\\\/64fabdc74607552da9ede8736baf3704\",\"name\":\"Laura Rodr\u00edguez\",\"image\":{\"@type\":\"ImageObject\",\"inLanguage\":\"sv-SE\",\"@id\":\"https:\\\/\\\/secure.gravatar.com\\\/avatar\\\/87967e69b46baa8deb98f90585854c12aba67cb0c70970f1da219b1b30cacb8d?s=96&d=mm&r=g\",\"url\":\"https:\\\/\\\/secure.gravatar.com\\\/avatar\\\/87967e69b46baa8deb98f90585854c12aba67cb0c70970f1da219b1b30cacb8d?s=96&d=mm&r=g\",\"contentUrl\":\"https:\\\/\\\/secure.gravatar.com\\\/avatar\\\/87967e69b46baa8deb98f90585854c12aba67cb0c70970f1da219b1b30cacb8d?s=96&d=mm&r=g\",\"caption\":\"Laura Rodr\u00edguez\"}}]}<\/script>\n<!-- \/ Yoast SEO Premium plugin. -->","yoast_head_json":{"title":"Billig biluthyrning Benalmadena Bahia Sexi | Vad man ska g\u00f6ra","description":"Om du letar efter en Billig biluthyrning Benalmadena \u00e4r det den tj\u00e4nsten du beh\u00f6ver veta. Vi kommer ocks\u00e5 att ber\u00e4tta om staden!","robots":{"index":"index","follow":"follow","max-snippet":"max-snippet:-1","max-image-preview":"max-image-preview:large","max-video-preview":"max-video-preview:-1"},"canonical":"https:\/\/bahiasexirentacar.com\/sv\/billig-biluthyrning-benalmadena\/","og_locale":"sv_SE","og_type":"article","og_title":"Billig biluthyrning Benalmadena Bahia Sexi | Vad man ska g\u00f6ra","og_description":"Om du letar efter en Billig biluthyrning Benalmadena \u00e4r det den tj\u00e4nsten du beh\u00f6ver veta. Vi kommer ocks\u00e5 att ber\u00e4tta om staden!","og_url":"https:\/\/bahiasexirentacar.com\/sv\/billig-biluthyrning-benalmadena\/","og_site_name":"Bahia Sexi Rent a Car","article_publisher":"https:\/\/www.facebook.com\/bahiasexi","article_published_time":"2021-03-16T17:49:56+00:00","article_modified_time":"2025-08-14T19:59:21+00:00","author":"Laura Rodr\u00edguez","twitter_card":"summary_large_image","twitter_misc":{"Skriven av":"Laura Rodr\u00edguez","Ber\u00e4knad l\u00e4stid":"11 minuter"},"schema":{"@context":"https:\/\/schema.org","@graph":[{"@type":["Article","BlogPosting"],"@id":"https:\/\/bahiasexirentacar.com\/sv\/billig-biluthyrning-benalmadena\/#article","isPartOf":{"@id":"https:\/\/bahiasexirentacar.com\/sv\/billig-biluthyrning-benalmadena\/"},"author":{"name":"Laura Rodr\u00edguez","@id":"https:\/\/bahiasexirentacar.com\/sv\/#\/schema\/person\/64fabdc74607552da9ede8736baf3704"},"headline":"Billig biluthyrning Benalmadena Bahia Sexi | Vad man ska g\u00f6ra","datePublished":"2021-03-16T17:49:56+00:00","dateModified":"2025-08-14T19:59:21+00:00","mainEntityOfPage":{"@id":"https:\/\/bahiasexirentacar.com\/sv\/billig-biluthyrning-benalmadena\/"},"wordCount":2640,"publisher":{"@id":"https:\/\/bahiasexirentacar.com\/sv\/#organization"},"articleSection":["Okategoriserad"],"inLanguage":"sv-SE"},{"@type":["WebPage","ItemPage"],"@id":"https:\/\/bahiasexirentacar.com\/sv\/billig-biluthyrning-benalmadena\/","url":"https:\/\/bahiasexirentacar.com\/sv\/billig-biluthyrning-benalmadena\/","name":"Billig biluthyrning Benalmadena Bahia Sexi | Vad man ska g\u00f6ra","isPartOf":{"@id":"https:\/\/bahiasexirentacar.com\/sv\/#website"},"datePublished":"2021-03-16T17:49:56+00:00","dateModified":"2025-08-14T19:59:21+00:00","description":"Om du letar efter en Billig biluthyrning Benalmadena \u00e4r det den tj\u00e4nsten du beh\u00f6ver veta. Vi kommer ocks\u00e5 att ber\u00e4tta om staden!","breadcrumb":{"@id":"https:\/\/bahiasexirentacar.com\/sv\/billig-biluthyrning-benalmadena\/#breadcrumb"},"inLanguage":"sv-SE","potentialAction":[{"@type":"ReadAction","target":["https:\/\/bahiasexirentacar.com\/sv\/billig-biluthyrning-benalmadena\/"]}]},{"@type":"BreadcrumbList","@id":"https:\/\/bahiasexirentacar.com\/sv\/billig-biluthyrning-benalmadena\/#breadcrumb","itemListElement":[{"@type":"ListItem","position":1,"name":"Home","item":"https:\/\/bahiasexirentacar.com\/sv\/"},{"@type":"ListItem","position":2,"name":"Okategoriserad","item":"https:\/\/bahiasexirentacar.com\/sv\/category\/okategoriserad\/"},{"@type":"ListItem","position":3,"name":"Billig biluthyrning Benalmadena Bahia Sexi | Vad man ska g\u00f6ra"}]},{"@type":"WebSite","@id":"https:\/\/bahiasexirentacar.com\/sv\/#website","url":"https:\/\/bahiasexirentacar.com\/sv\/","name":"Bahia Sexi Rent a Car","description":"Car rental at Malaga Airport","publisher":{"@id":"https:\/\/bahiasexirentacar.com\/sv\/#organization"},"potentialAction":[{"@type":"SearchAction","target":{"@type":"EntryPoint","urlTemplate":"https:\/\/bahiasexirentacar.com\/sv\/?s={search_term_string}"},"query-input":{"@type":"PropertyValueSpecification","valueRequired":true,"valueName":"search_term_string"}}],"inLanguage":"sv-SE"},{"@type":"Organization","@id":"https:\/\/bahiasexirentacar.com\/sv\/#organization","name":"Bahia Sexi Rent a Car","url":"https:\/\/bahiasexirentacar.com\/sv\/","logo":{"@type":"ImageObject","inLanguage":"sv-SE","@id":"https:\/\/bahiasexirentacar.com\/sv\/#\/schema\/logo\/image\/","url":"https:\/\/bahiasexirentacar.com\/wp-content\/uploads\/2024\/11\/cropped-Icono-sitio-web.jpg","contentUrl":"https:\/\/bahiasexirentacar.com\/wp-content\/uploads\/2024\/11\/cropped-Icono-sitio-web.jpg","width":512,"height":512,"caption":"Bahia Sexi Rent a Car"},"image":{"@id":"https:\/\/bahiasexirentacar.com\/sv\/#\/schema\/logo\/image\/"},"sameAs":["https:\/\/www.facebook.com\/bahiasexi"]},{"@type":"Person","@id":"https:\/\/bahiasexirentacar.com\/sv\/#\/schema\/person\/64fabdc74607552da9ede8736baf3704","name":"Laura Rodr\u00edguez","image":{"@type":"ImageObject","inLanguage":"sv-SE","@id":"https:\/\/secure.gravatar.com\/avatar\/87967e69b46baa8deb98f90585854c12aba67cb0c70970f1da219b1b30cacb8d?s=96&d=mm&r=g","url":"https:\/\/secure.gravatar.com\/avatar\/87967e69b46baa8deb98f90585854c12aba67cb0c70970f1da219b1b30cacb8d?s=96&d=mm&r=g","contentUrl":"https:\/\/secure.gravatar.com\/avatar\/87967e69b46baa8deb98f90585854c12aba67cb0c70970f1da219b1b30cacb8d?s=96&d=mm&r=g","caption":"Laura Rodr\u00edguez"}}]}},"_links":{"self":[{"href":"https:\/\/bahiasexirentacar.com\/sv\/wp-json\/wp\/v2\/posts\/36559","targetHints":{"allow":["GET"]}}],"collection":[{"href":"https:\/\/bahiasexirentacar.com\/sv\/wp-json\/wp\/v2\/posts"}],"about":[{"href":"https:\/\/bahiasexirentacar.com\/sv\/wp-json\/wp\/v2\/types\/post"}],"author":[{"embeddable":true,"href":"https:\/\/bahiasexirentacar.com\/sv\/wp-json\/wp\/v2\/users\/9"}],"replies":[{"embeddable":true,"href":"https:\/\/bahiasexirentacar.com\/sv\/wp-json\/wp\/v2\/comments?post=36559"}],"version-history":[{"count":2,"href":"https:\/\/bahiasexirentacar.com\/sv\/wp-json\/wp\/v2\/posts\/36559\/revisions"}],"predecessor-version":[{"id":1944328,"href":"https:\/\/bahiasexirentacar.com\/sv\/wp-json\/wp\/v2\/posts\/36559\/revisions\/1944328"}],"wp:attachment":[{"href":"https:\/\/bahiasexirentacar.com\/sv\/wp-json\/wp\/v2\/media?parent=36559"}],"wp:term":[{"taxonomy":"category","embeddable":true,"href":"https:\/\/bahiasexirentacar.com\/sv\/wp-json\/wp\/v2\/categories?post=36559"},{"taxonomy":"post_tag","embeddable":true,"href":"https:\/\/bahiasexirentacar.com\/sv\/wp-json\/wp\/v2\/tags?post=36559"}],"curies":[{"name":"wp","href":"https:\/\/api.w.org\/{rel}","templated":true}]}}